{"id":12643,"date":"2024-06-20T15:34:53","date_gmt":"2024-06-20T15:34:53","guid":{"rendered":"https:\/\/munigoicoechea.go.cr\/inicio\/?p=12643"},"modified":"2024-06-20T19:43:51","modified_gmt":"2024-06-20T19:43:51","slug":"ganadores-de-concurso-de-fotos-antiguas-recorren-exposiciones-con-alcalde-municipal","status":"publish","type":"post","link":"https:\/\/munigoicoechea.go.cr\/inicio\/2024\/06\/20\/ganadores-de-concurso-de-fotos-antiguas-recorren-exposiciones-con-alcalde-municipal\/","title":{"rendered":"Ganadores de concurso de fotos antiguas recorren exposiciones con alcalde municipal"},"content":{"rendered":"\n<figure class=\"wp-block-image size-large\"><img data-recalc-dims=\"1\" fetchpriority=\"high\" decoding=\"async\" width=\"800\" height=\"495\" src=\"https:\/\/i0.wp.com\/munigoicoechea.go.cr\/inicio\/wp-content\/uploads\/2024\/06\/palaciofotos.jpg?resize=800%2C495&#038;ssl=1\" alt=\"Rosa Portillo, Francisco Enr\u00edquez, Marta Ram\u00edrez, Jos\u00e9 Joaqu\u00edn 'Pepe' Campos, Jerry Mora y el alcalde, Fernando Chavarr\u00eda, compartieron recuerdos de Goicoechea en las exposiciones &quot;San Jos\u00e9 en blanco y negro&quot; y &quot;Paz en Costa Rica: entre la realidad y el mito&quot;, en el Palacio Municipal.\" class=\"wp-image-12617\" srcset=\"https:\/\/i0.wp.com\/munigoicoechea.go.cr\/inicio\/wp-content\/uploads\/2024\/06\/palaciofotos.jpg?resize=1024%2C633&amp;ssl=1 1024w, https:\/\/i0.wp.com\/munigoicoechea.go.cr\/inicio\/wp-content\/uploads\/2024\/06\/palaciofotos.jpg?resize=300%2C186&amp;ssl=1 300w, https:\/\/i0.wp.com\/munigoicoechea.go.cr\/inicio\/wp-content\/uploads\/2024\/06\/palaciofotos.jpg?resize=768%2C475&amp;ssl=1 768w, https:\/\/i0.wp.com\/munigoicoechea.go.cr\/inicio\/wp-content\/uploads\/2024\/06\/palaciofotos.jpg?resize=1536%2C950&amp;ssl=1 1536w, https:\/\/i0.wp.com\/munigoicoechea.go.cr\/inicio\/wp-content\/uploads\/2024\/06\/palaciofotos.jpg?w=1800&amp;ssl=1 1800w, https:\/\/i0.wp.com\/munigoicoechea.go.cr\/inicio\/wp-content\/uploads\/2024\/06\/palaciofotos.jpg?w=1600&amp;ssl=1 1600w\" sizes=\"(max-width: 800px) 100vw, 800px\" \/><figcaption class=\"wp-element-caption\"><em><strong>Rosa Portilla, Francisco Enr\u00edquez, Marta Ram\u00edrez, Jos\u00e9 Joaqu\u00edn &#8216;Pepe&#8217; Campos, Jerry Mora y el alcalde, Fernando Chavarr\u00eda, compartieron recuerdos de Goicoechea en las exposiciones \u00abSan Jos\u00e9 en blanco y negro\u00bb y \u00abPaz en Costa Rica: entre la realidad y el mito\u00bb, en el Palacio Municipal.<\/strong><\/em><\/figcaption><\/figure>\n\n\n\n<p>El alcalde municipal, Lic. Fernando Chavarr\u00eda Quir\u00f3s, entreg\u00f3 los reconocimientos a los ganadores del concurso de fotograf\u00edas antiguas que organiz\u00f3 el Archivo Central de la Municipalidad de Goicoechea con motivo del Mes del Archivo, cuyo d\u00eda internacional se celebra cada 9 de junio.<\/p>\n\n\n\n<figure class=\"wp-block-embed is-type-rich is-provider-instagram wp-block-embed-instagram\"><div class=\"wp-block-embed__wrapper\">\n<blockquote class=\"instagram-media\" data-instgrm-captioned data-instgrm-permalink=\"https:\/\/www.instagram.com\/reel\/C8cNl6Fih35\/?utm_source=ig_embed&amp;utm_campaign=loading\" data-instgrm-version=\"14\" style=\" background:#FFF; border:0; border-radius:3px; box-shadow:0 0 1px 0 rgba(0,0,0,0.5),0 1px 10px 0 rgba(0,0,0,0.15); margin: 1px; max-width:658px; min-width:326px; padding:0; width:99.375%; width:-webkit-calc(100% - 2px); width:calc(100% - 2px);\"><div style=\"padding:16px;\"> <a href=\"https:\/\/www.instagram.com\/reel\/C8cNl6Fih35\/?utm_source=ig_embed&amp;utm_campaign=loading\" style=\" background:#FFFFFF; line-height:0; padding:0 0; text-align:center; text-decoration:none; width:100%;\" target=\"_blank\"> <div style=\" display: flex; flex-direction: row; align-items: center;\"> <div style=\"background-color: #F4F4F4; border-radius: 50%; flex-grow: 0; height: 40px; margin-right: 14px; width: 40px;\"><\/div> <div style=\"display: flex; flex-direction: column; flex-grow: 1; justify-content: center;\"> <div style=\" background-color: #F4F4F4; border-radius: 4px; flex-grow: 0; height: 14px; margin-bottom: 6px; width: 100px;\"><\/div> <div style=\" background-color: #F4F4F4; border-radius: 4px; flex-grow: 0; height: 14px; width: 60px;\"><\/div><\/div><\/div><div style=\"padding: 19% 0;\"><\/div> <div style=\"display:block; height:50px; margin:0 auto 12px; width:50px;\"><svg width=\"50px\" height=\"50px\" viewBox=\"0 0 60 60\" version=\"1.1\" xmlns=\"https:\/\/www.w3.org\/2000\/svg\" xmlns:xlink=\"https:\/\/www.w3.org\/1999\/xlink\"><g stroke=\"none\" stroke-width=\"1\" fill=\"none\" fill-rule=\"evenodd\"><g transform=\"translate(-511.000000, -20.000000)\" fill=\"#000000\"><g><path d=\"M556.869,30.41 C554.814,30.41 553.148,32.076 553.148,34.131 C553.148,36.186 554.814,37.852 556.869,37.852 C558.924,37.852 560.59,36.186 560.59,34.131 C560.59,32.076 558.924,30.41 556.869,30.41 M541,60.657 C535.114,60.657 530.342,55.887 530.342,50 C530.342,44.114 535.114,39.342 541,39.342 C546.887,39.342 551.658,44.114 551.658,50 C551.658,55.887 546.887,60.657 541,60.657 M541,33.886 C532.1,33.886 524.886,41.1 524.886,50 C524.886,58.899 532.1,66.113 541,66.113 C549.9,66.113 557.115,58.899 557.115,50 C557.115,41.1 549.9,33.886 541,33.886 M565.378,62.101 C565.244,65.022 564.756,66.606 564.346,67.663 C563.803,69.06 563.154,70.057 562.106,71.106 C561.058,72.155 560.06,72.803 558.662,73.347 C557.607,73.757 556.021,74.244 553.102,74.378 C549.944,74.521 548.997,74.552 541,74.552 C533.003,74.552 532.056,74.521 528.898,74.378 C525.979,74.244 524.393,73.757 523.338,73.347 C521.94,72.803 520.942,72.155 519.894,71.106 C518.846,70.057 518.197,69.06 517.654,67.663 C517.244,66.606 516.755,65.022 516.623,62.101 C516.479,58.943 516.448,57.996 516.448,50 C516.448,42.003 516.479,41.056 516.623,37.899 C516.755,34.978 517.244,33.391 517.654,32.338 C518.197,30.938 518.846,29.942 519.894,28.894 C520.942,27.846 521.94,27.196 523.338,26.654 C524.393,26.244 525.979,25.756 528.898,25.623 C532.057,25.479 533.004,25.448 541,25.448 C548.997,25.448 549.943,25.479 553.102,25.623 C556.021,25.756 557.607,26.244 558.662,26.654 C560.06,27.196 561.058,27.846 562.106,28.894 C563.154,29.942 563.803,30.938 564.346,32.338 C564.756,33.391 565.244,34.978 565.378,37.899 C565.522,41.056 565.552,42.003 565.552,50 C565.552,57.996 565.522,58.943 565.378,62.101 M570.82,37.631 C570.674,34.438 570.167,32.258 569.425,30.349 C568.659,28.377 567.633,26.702 565.965,25.035 C564.297,23.368 562.623,22.342 560.652,21.575 C558.743,20.834 556.562,20.326 553.369,20.18 C550.169,20.033 549.148,20 541,20 C532.853,20 531.831,20.033 528.631,20.18 C525.438,20.326 523.257,20.834 521.349,21.575 C519.376,22.342 517.703,23.368 516.035,25.035 C514.368,26.702 513.342,28.377 512.574,30.349 C511.834,32.258 511.326,34.438 511.181,37.631 C511.035,40.831 511,41.851 511,50 C511,58.147 511.035,59.17 511.181,62.369 C511.326,65.562 511.834,67.743 512.574,69.651 C513.342,71.625 514.368,73.296 516.035,74.965 C517.703,76.634 519.376,77.658 521.349,78.425 C523.257,79.167 525.438,79.673 528.631,79.82 C531.831,79.965 532.853,80.001 541,80.001 C549.148,80.001 550.169,79.965 553.369,79.82 C556.562,79.673 558.743,79.167 560.652,78.425 C562.623,77.658 564.297,76.634 565.965,74.965 C567.633,73.296 568.659,71.625 569.425,69.651 C570.167,67.743 570.674,65.562 570.82,62.369 C570.966,59.17 571,58.147 571,50 C571,41.851 570.966,40.831 570.82,37.631\"><\/path><\/g><\/g><\/g><\/svg><\/div><div style=\"padding-top: 8px;\"> <div style=\" color:#3897f0; font-family:Arial,sans-serif; font-size:14px; font-style:normal; font-weight:550; line-height:18px;\">View this post on Instagram<\/div><\/div><div style=\"padding: 12.5% 0;\"><\/div> <div style=\"display: flex; flex-direction: row; margin-bottom: 14px; align-items: center;\"><div> <div style=\"background-color: #F4F4F4; border-radius: 50%; height: 12.5px; width: 12.5px; transform: translateX(0px) translateY(7px);\"><\/div> <div style=\"background-color: #F4F4F4; height: 12.5px; transform: rotate(-45deg) translateX(3px) translateY(1px); width: 12.5px; flex-grow: 0; margin-right: 14px; margin-left: 2px;\"><\/div> <div style=\"background-color: #F4F4F4; border-radius: 50%; height: 12.5px; width: 12.5px; transform: translateX(9px) translateY(-18px);\"><\/div><\/div><div style=\"margin-left: 8px;\"> <div style=\" background-color: #F4F4F4; border-radius: 50%; flex-grow: 0; height: 20px; width: 20px;\"><\/div> <div style=\" width: 0; height: 0; border-top: 2px solid transparent; border-left: 6px solid #f4f4f4; border-bottom: 2px solid transparent; transform: translateX(16px) translateY(-4px) rotate(30deg)\"><\/div><\/div><div style=\"margin-left: auto;\"> <div style=\" width: 0px; border-top: 8px solid #F4F4F4; border-right: 8px solid transparent; transform: translateY(16px);\"><\/div> <div style=\" background-color: #F4F4F4; flex-grow: 0; height: 12px; width: 16px; transform: translateY(-4px);\"><\/div> <div style=\" width: 0; height: 0; border-top: 8px solid #F4F4F4; border-left: 8px solid transparent; transform: translateY(-4px) translateX(8px);\"><\/div><\/div><\/div> <div style=\"display: flex; flex-direction: column; flex-grow: 1; justify-content: center; margin-bottom: 24px;\"> <div style=\" background-color: #F4F4F4; border-radius: 4px; flex-grow: 0; height: 14px; margin-bottom: 6px; width: 224px;\"><\/div> <div style=\" background-color: #F4F4F4; border-radius: 4px; flex-grow: 0; height: 14px; width: 144px;\"><\/div><\/div><\/a><p style=\" color:#c9c8cd; font-family:Arial,sans-serif; font-size:14px; line-height:17px; margin-bottom:0; margin-top:8px; overflow:hidden; padding:8px 0 7px; text-align:center; text-overflow:ellipsis; white-space:nowrap;\"><a href=\"https:\/\/www.instagram.com\/reel\/C8cNl6Fih35\/?utm_source=ig_embed&amp;utm_campaign=loading\" style=\" color:#c9c8cd; font-family:Arial,sans-serif; font-size:14px; font-style:normal; font-weight:normal; line-height:17px; text-decoration:none;\" target=\"_blank\">A post shared by Municipalidad de Goicoechea (@munigoicooficial)<\/a><\/p><\/div><\/blockquote><script async src=\"\/\/platform.instagram.com\/en_US\/embeds.js\"><\/script>\n<\/div><\/figure>\n\n\n\n<p>El primer lugar lo obtuvo do\u00f1a Rosa Portilla Guzm\u00e1n, quien present\u00f3 una imagen del 15 de setiembre de 1965, en la que se aprecia a un grupo de ni\u00f1os subiendo por la ruta nacional 218, al frente de la escuela Juan Flores, del distrito de Ip\u00eds.<\/p>\n\n\n\n<p>\u00abSe observa el grupo de estudiantes de la escuela en el desfile, calle 218 de dos carriles, reci\u00e9n pavimentada, a los costados no se ven edificaciones, solo una casa, esta rodeado de cafetales y paredones de tierra\u00bb.<\/p>\n\n\n\n<figure class=\"wp-block-image size-large\"><img data-recalc-dims=\"1\" decoding=\"async\" width=\"800\" height=\"568\" src=\"https:\/\/i0.wp.com\/munigoicoechea.go.cr\/inicio\/wp-content\/uploads\/2024\/06\/rosa-ganadora.jpg?resize=800%2C568&#038;ssl=1\" alt=\"Fotograf\u00eda ganadora del primer lugar tomada por el se\u00f1or Federico Portilla S\u00e1nchez.\" class=\"wp-image-12640\" srcset=\"https:\/\/i0.wp.com\/munigoicoechea.go.cr\/inicio\/wp-content\/uploads\/2024\/06\/rosa-ganadora-scaled.jpg?resize=1024%2C727&amp;ssl=1 1024w, https:\/\/i0.wp.com\/munigoicoechea.go.cr\/inicio\/wp-content\/uploads\/2024\/06\/rosa-ganadora-scaled.jpg?resize=300%2C213&amp;ssl=1 300w, https:\/\/i0.wp.com\/munigoicoechea.go.cr\/inicio\/wp-content\/uploads\/2024\/06\/rosa-ganadora-scaled.jpg?resize=768%2C545&amp;ssl=1 768w, https:\/\/i0.wp.com\/munigoicoechea.go.cr\/inicio\/wp-content\/uploads\/2024\/06\/rosa-ganadora-scaled.jpg?resize=1536%2C1091&amp;ssl=1 1536w, https:\/\/i0.wp.com\/munigoicoechea.go.cr\/inicio\/wp-content\/uploads\/2024\/06\/rosa-ganadora-scaled.jpg?resize=2048%2C1454&amp;ssl=1 2048w, https:\/\/i0.wp.com\/munigoicoechea.go.cr\/inicio\/wp-content\/uploads\/2024\/06\/rosa-ganadora-scaled.jpg?w=1600&amp;ssl=1 1600w, https:\/\/i0.wp.com\/munigoicoechea.go.cr\/inicio\/wp-content\/uploads\/2024\/06\/rosa-ganadora-scaled.jpg?w=2400&amp;ssl=1 2400w\" sizes=\"(max-width: 800px) 100vw, 800px\" \/><figcaption class=\"wp-element-caption\"><em><strong>Fotograf\u00eda ganadora del primer lugar tomada por el se\u00f1or Federico Portilla S\u00e1nchez.<\/strong><\/em><\/figcaption><\/figure>\n\n\n\n<p>El segundo lugar lo gan\u00f3 Jerry Mora Castro, quien envi\u00f3 una foto de un grupo de campesinos en las afueras de la antigua iglesia Nuestra Se\u00f1ora de Guadalupe.<\/p>\n\n\n\n<p>\u00abEn la antigua iglesia de Guadalupe, la misma tomada entre los a\u00f1os 1939 a 1942, ya que mi abuelo y bisabuelo salen en la foto. En la primera fila, el ni\u00f1o Rigoberto Castro Burgos y su padre atr\u00e1s de \u00e9l, mi bisabuelo Amparo Castro Chinchilla\u00bb.<\/p>\n\n\n\n<figure class=\"wp-block-image size-large\"><img data-recalc-dims=\"1\" decoding=\"async\" width=\"800\" height=\"567\" src=\"https:\/\/i0.wp.com\/munigoicoechea.go.cr\/inicio\/wp-content\/uploads\/2024\/06\/jerry-iglesia.jpg?resize=800%2C567&#038;ssl=1\" alt=\"Fotograf\u00eda ganadora del segundo lugar aportada por Jerry Mora Castro.\" class=\"wp-image-12615\" srcset=\"https:\/\/i0.wp.com\/munigoicoechea.go.cr\/inicio\/wp-content\/uploads\/2024\/06\/jerry-iglesia-scaled.jpg?resize=1024%2C726&amp;ssl=1 1024w, https:\/\/i0.wp.com\/munigoicoechea.go.cr\/inicio\/wp-content\/uploads\/2024\/06\/jerry-iglesia-scaled.jpg?resize=300%2C213&amp;ssl=1 300w, https:\/\/i0.wp.com\/munigoicoechea.go.cr\/inicio\/wp-content\/uploads\/2024\/06\/jerry-iglesia-scaled.jpg?resize=768%2C545&amp;ssl=1 768w, https:\/\/i0.wp.com\/munigoicoechea.go.cr\/inicio\/wp-content\/uploads\/2024\/06\/jerry-iglesia-scaled.jpg?resize=1536%2C1089&amp;ssl=1 1536w, https:\/\/i0.wp.com\/munigoicoechea.go.cr\/inicio\/wp-content\/uploads\/2024\/06\/jerry-iglesia-scaled.jpg?resize=2048%2C1452&amp;ssl=1 2048w, https:\/\/i0.wp.com\/munigoicoechea.go.cr\/inicio\/wp-content\/uploads\/2024\/06\/jerry-iglesia-scaled.jpg?w=1600&amp;ssl=1 1600w, https:\/\/i0.wp.com\/munigoicoechea.go.cr\/inicio\/wp-content\/uploads\/2024\/06\/jerry-iglesia-scaled.jpg?w=2400&amp;ssl=1 2400w\" sizes=\"(max-width: 800px) 100vw, 800px\" \/><figcaption class=\"wp-element-caption\"><em><strong>Fotograf\u00eda ganadora del segundo lugar aportada por Jerry Mora Castro.<\/strong><\/em><\/figcaption><\/figure>\n\n\n\n<p>El tercer puesto se lo dej\u00f3 Jos\u00e9 Joaqu\u00edn \u00abPepe\u00bb Campos, con una foto de un coro guadalupano de la d\u00e9cada de los 40.<\/p>\n\n\n\n<p>\u00abEl coro Santa Cecilia de Guadalupe de los a\u00f1os 40. Aparecen ilustres guadalupanos, formadores de conocidas familias. Este coro participaba en misas en el Valle Central y m\u00e1s all\u00e1. Lo formaron: Paulino Gonz\u00e1lez, Chino Mora, Franklin Jim\u00e9nez, Jos\u00e9 Pepe Campos, Juan Jos\u00e9 Z\u00fa\u00f1iga Chizeta, Enrique Trejos y otros. El militar era el director\u00bb.<\/p>\n\n\n\n<figure class=\"wp-block-image size-large\"><img data-recalc-dims=\"1\" loading=\"lazy\" decoding=\"async\" width=\"800\" height=\"558\" src=\"https:\/\/i0.wp.com\/munigoicoechea.go.cr\/inicio\/wp-content\/uploads\/2024\/06\/pepecampos-coro.jpg?resize=800%2C558&#038;ssl=1\" alt=\"\" class=\"wp-image-12639\" srcset=\"https:\/\/i0.wp.com\/munigoicoechea.go.cr\/inicio\/wp-content\/uploads\/2024\/06\/pepecampos-coro-scaled.jpg?resize=1024%2C714&amp;ssl=1 1024w, https:\/\/i0.wp.com\/munigoicoechea.go.cr\/inicio\/wp-content\/uploads\/2024\/06\/pepecampos-coro-scaled.jpg?resize=300%2C209&amp;ssl=1 300w, https:\/\/i0.wp.com\/munigoicoechea.go.cr\/inicio\/wp-content\/uploads\/2024\/06\/pepecampos-coro-scaled.jpg?resize=768%2C536&amp;ssl=1 768w, https:\/\/i0.wp.com\/munigoicoechea.go.cr\/inicio\/wp-content\/uploads\/2024\/06\/pepecampos-coro-scaled.jpg?resize=1536%2C1071&amp;ssl=1 1536w, https:\/\/i0.wp.com\/munigoicoechea.go.cr\/inicio\/wp-content\/uploads\/2024\/06\/pepecampos-coro-scaled.jpg?resize=2048%2C1428&amp;ssl=1 2048w, https:\/\/i0.wp.com\/munigoicoechea.go.cr\/inicio\/wp-content\/uploads\/2024\/06\/pepecampos-coro-scaled.jpg?w=1600&amp;ssl=1 1600w, https:\/\/i0.wp.com\/munigoicoechea.go.cr\/inicio\/wp-content\/uploads\/2024\/06\/pepecampos-coro-scaled.jpg?w=2400&amp;ssl=1 2400w\" sizes=\"(max-width: 800px) 100vw, 800px\" \/><figcaption class=\"wp-element-caption\"><em><strong>Fotograf\u00eda ganadora del tercer lugar aportada por Jos\u00e9 Joaqu\u00edn \u00abPepe\u00bb Campos.<\/strong><\/em><\/figcaption><\/figure>\n\n\n\n<p>Un jurado se encarg\u00f3 de seleccionar las fotograf\u00edas ganadoras basado en los siguientes aspectos:<\/p>\n\n\n\n<ol class=\"wp-block-list\">\n<li>Personajes y familiares, matrimonios, funerales, quince a\u00f1os cotidianos, paseos y trabajo.<\/li>\n\n\n\n<li>Destacadas personalidades de la comunidad, maestros, autoridades, etc.<\/li>\n\n\n\n<li>Eventos especiales de la comunidad, elecciones, inauguraciones, deportivos, etc.<\/li>\n\n\n\n<li>De grupos de la comunidad, religiosos, deportivos, otros.<\/li>\n\n\n\n<li>De actividades parroquiales, fiestas patronales, Semana Santa, navide\u00f1as, etc.<\/li>\n\n\n\n<li>Del paisaje urbano y rural, r\u00edos, edificios, casas, fuentes, acequias, beneficios, f\u00e1bricas, artesan\u00edas, caser\u00edos, sembrad\u00edos, etc.<\/li>\n<\/ol>\n\n\n\n<div class=\"wp-block-jetpack-tiled-gallery aligncenter is-style-rectangular\"><div class=\"\"><div class=\"tiled-gallery__gallery\"><div class=\"tiled-gallery__row\"><div class=\"tiled-gallery__col\" style=\"flex-basis:36.69097%\"><figure class=\"tiled-gallery__item\"><img decoding=\"async\" srcset=\"https:\/\/i1.wp.com\/munigoicoechea.go.cr\/inicio\/wp-content\/uploads\/2024\/06\/palaciofotos-i-1024x618.jpg?strip=info&#038;w=600&#038;ssl=1 600w,https:\/\/i1.wp.com\/munigoicoechea.go.cr\/inicio\/wp-content\/uploads\/2024\/06\/palaciofotos-i-1024x618.jpg?strip=info&#038;w=900&#038;ssl=1 900w,https:\/\/i1.wp.com\/munigoicoechea.go.cr\/inicio\/wp-content\/uploads\/2024\/06\/palaciofotos-i-1024x618.jpg?strip=info&#038;w=1200&#038;ssl=1 1200w,https:\/\/i1.wp.com\/munigoicoechea.go.cr\/inicio\/wp-content\/uploads\/2024\/06\/palaciofotos-i-1024x618.jpg?strip=info&#038;w=1500&#038;ssl=1 1500w,https:\/\/i1.wp.com\/munigoicoechea.go.cr\/inicio\/wp-content\/uploads\/2024\/06\/palaciofotos-i-1024x618.jpg?strip=info&#038;w=1800&#038;ssl=1 1800w\" alt=\"\" data-height=\"1086\" data-id=\"12641\" data-link=\"https:\/\/munigoicoechea.go.cr\/inicio\/palaciofotos-i\/\" data-url=\"https:\/\/munigoicoechea.go.cr\/inicio\/wp-content\/uploads\/2024\/06\/palaciofotos-i-1024x618.jpg\" data-width=\"1800\" src=\"https:\/\/i1.wp.com\/munigoicoechea.go.cr\/inicio\/wp-content\/uploads\/2024\/06\/palaciofotos-i-1024x618.jpg?ssl=1\" data-amp-layout=\"responsive\"\/><\/figure><figure class=\"tiled-gallery__item\"><img decoding=\"async\" srcset=\"https:\/\/i0.wp.com\/munigoicoechea.go.cr\/inicio\/wp-content\/uploads\/2024\/06\/palaciofotos-y-1024x918.jpg?strip=info&#038;w=600&#038;ssl=1 600w,https:\/\/i0.wp.com\/munigoicoechea.go.cr\/inicio\/wp-content\/uploads\/2024\/06\/palaciofotos-y-1024x918.jpg?strip=info&#038;w=900&#038;ssl=1 900w,https:\/\/i0.wp.com\/munigoicoechea.go.cr\/inicio\/wp-content\/uploads\/2024\/06\/palaciofotos-y-1024x918.jpg?strip=info&#038;w=1200&#038;ssl=1 1200w,https:\/\/i0.wp.com\/munigoicoechea.go.cr\/inicio\/wp-content\/uploads\/2024\/06\/palaciofotos-y-1024x918.jpg?strip=info&#038;w=1500&#038;ssl=1 1500w,https:\/\/i0.wp.com\/munigoicoechea.go.cr\/inicio\/wp-content\/uploads\/2024\/06\/palaciofotos-y-1024x918.jpg?strip=info&#038;w=1800&#038;ssl=1 1800w\" alt=\"\" data-height=\"1614\" data-id=\"12637\" data-link=\"https:\/\/munigoicoechea.go.cr\/inicio\/palaciofotos-y\/\" data-url=\"https:\/\/munigoicoechea.go.cr\/inicio\/wp-content\/uploads\/2024\/06\/palaciofotos-y-1024x918.jpg\" data-width=\"1800\" src=\"https:\/\/i0.wp.com\/munigoicoechea.go.cr\/inicio\/wp-content\/uploads\/2024\/06\/palaciofotos-y-1024x918.jpg?ssl=1\" data-amp-layout=\"responsive\"\/><\/figure><\/div><div class=\"tiled-gallery__col\" style=\"flex-basis:63.30903%\"><figure class=\"tiled-gallery__item\"><img decoding=\"async\" srcset=\"https:\/\/i0.wp.com\/munigoicoechea.go.cr\/inicio\/wp-content\/uploads\/2024\/06\/palaciofotos-u-1024x895.jpg?strip=info&#038;w=600&#038;ssl=1 600w,https:\/\/i0.wp.com\/munigoicoechea.go.cr\/inicio\/wp-content\/uploads\/2024\/06\/palaciofotos-u-1024x895.jpg?strip=info&#038;w=900&#038;ssl=1 900w,https:\/\/i0.wp.com\/munigoicoechea.go.cr\/inicio\/wp-content\/uploads\/2024\/06\/palaciofotos-u-1024x895.jpg?strip=info&#038;w=1200&#038;ssl=1 1200w,https:\/\/i0.wp.com\/munigoicoechea.go.cr\/inicio\/wp-content\/uploads\/2024\/06\/palaciofotos-u-1024x895.jpg?strip=info&#038;w=1500&#038;ssl=1 1500w,https:\/\/i0.wp.com\/munigoicoechea.go.cr\/inicio\/wp-content\/uploads\/2024\/06\/palaciofotos-u-1024x895.jpg?strip=info&#038;w=1800&#038;ssl=1 1800w\" alt=\"\" data-height=\"1573\" data-id=\"12634\" data-link=\"https:\/\/munigoicoechea.go.cr\/inicio\/palaciofotos-u\/\" data-url=\"https:\/\/munigoicoechea.go.cr\/inicio\/wp-content\/uploads\/2024\/06\/palaciofotos-u-1024x895.jpg\" data-width=\"1800\" src=\"https:\/\/i0.wp.com\/munigoicoechea.go.cr\/inicio\/wp-content\/uploads\/2024\/06\/palaciofotos-u-1024x895.jpg?ssl=1\" data-amp-layout=\"responsive\"\/><\/figure><\/div><\/div><div class=\"tiled-gallery__row\"><div class=\"tiled-gallery__col\" style=\"flex-basis:35.14335%\"><figure class=\"tiled-gallery__item\"><img decoding=\"async\" srcset=\"https:\/\/i1.wp.com\/munigoicoechea.go.cr\/inicio\/wp-content\/uploads\/2024\/06\/palaciofotos-f-1024x704.jpg?strip=info&#038;w=600&#038;ssl=1 600w,https:\/\/i1.wp.com\/munigoicoechea.go.cr\/inicio\/wp-content\/uploads\/2024\/06\/palaciofotos-f-1024x704.jpg?strip=info&#038;w=900&#038;ssl=1 900w,https:\/\/i1.wp.com\/munigoicoechea.go.cr\/inicio\/wp-content\/uploads\/2024\/06\/palaciofotos-f-1024x704.jpg?strip=info&#038;w=1200&#038;ssl=1 1200w,https:\/\/i1.wp.com\/munigoicoechea.go.cr\/inicio\/wp-content\/uploads\/2024\/06\/palaciofotos-f-1024x704.jpg?strip=info&#038;w=1500&#038;ssl=1 1500w,https:\/\/i1.wp.com\/munigoicoechea.go.cr\/inicio\/wp-content\/uploads\/2024\/06\/palaciofotos-f-1024x704.jpg?strip=info&#038;w=1800&#038;ssl=1 1800w\" alt=\"\" data-height=\"1237\" data-id=\"12621\" data-link=\"https:\/\/munigoicoechea.go.cr\/inicio\/palaciofotos-f\/\" data-url=\"https:\/\/munigoicoechea.go.cr\/inicio\/wp-content\/uploads\/2024\/06\/palaciofotos-f-1024x704.jpg\" data-width=\"1800\" src=\"https:\/\/i1.wp.com\/munigoicoechea.go.cr\/inicio\/wp-content\/uploads\/2024\/06\/palaciofotos-f-1024x704.jpg?ssl=1\" data-amp-layout=\"responsive\"\/><\/figure><figure class=\"tiled-gallery__item\"><img decoding=\"async\" srcset=\"https:\/\/i0.wp.com\/munigoicoechea.go.cr\/inicio\/wp-content\/uploads\/2024\/06\/palaciofotos-g-1024x571.jpg?strip=info&#038;w=600&#038;ssl=1 600w,https:\/\/i0.wp.com\/munigoicoechea.go.cr\/inicio\/wp-content\/uploads\/2024\/06\/palaciofotos-g-1024x571.jpg?strip=info&#038;w=900&#038;ssl=1 900w,https:\/\/i0.wp.com\/munigoicoechea.go.cr\/inicio\/wp-content\/uploads\/2024\/06\/palaciofotos-g-1024x571.jpg?strip=info&#038;w=1200&#038;ssl=1 1200w,https:\/\/i0.wp.com\/munigoicoechea.go.cr\/inicio\/wp-content\/uploads\/2024\/06\/palaciofotos-g-1024x571.jpg?strip=info&#038;w=1500&#038;ssl=1 1500w,https:\/\/i0.wp.com\/munigoicoechea.go.cr\/inicio\/wp-content\/uploads\/2024\/06\/palaciofotos-g-1024x571.jpg?strip=info&#038;w=1800&#038;ssl=1 1800w\" alt=\"\" data-height=\"1004\" data-id=\"12626\" data-link=\"https:\/\/munigoicoechea.go.cr\/inicio\/palaciofotos-g\/\" data-url=\"https:\/\/munigoicoechea.go.cr\/inicio\/wp-content\/uploads\/2024\/06\/palaciofotos-g-1024x571.jpg\" data-width=\"1800\" src=\"https:\/\/i0.wp.com\/munigoicoechea.go.cr\/inicio\/wp-content\/uploads\/2024\/06\/palaciofotos-g-1024x571.jpg?ssl=1\" data-amp-layout=\"responsive\"\/><\/figure><figure class=\"tiled-gallery__item\"><img decoding=\"async\" srcset=\"https:\/\/i2.wp.com\/munigoicoechea.go.cr\/inicio\/wp-content\/uploads\/2024\/06\/palaciofotos-h-1024x851.jpg?strip=info&#038;w=600&#038;ssl=1 600w,https:\/\/i2.wp.com\/munigoicoechea.go.cr\/inicio\/wp-content\/uploads\/2024\/06\/palaciofotos-h-1024x851.jpg?strip=info&#038;w=900&#038;ssl=1 900w,https:\/\/i2.wp.com\/munigoicoechea.go.cr\/inicio\/wp-content\/uploads\/2024\/06\/palaciofotos-h-1024x851.jpg?strip=info&#038;w=1200&#038;ssl=1 1200w,https:\/\/i2.wp.com\/munigoicoechea.go.cr\/inicio\/wp-content\/uploads\/2024\/06\/palaciofotos-h-1024x851.jpg?strip=info&#038;w=1500&#038;ssl=1 1500w,https:\/\/i2.wp.com\/munigoicoechea.go.cr\/inicio\/wp-content\/uploads\/2024\/06\/palaciofotos-h-1024x851.jpg?strip=info&#038;w=1800&#038;ssl=1 1800w\" alt=\"\" data-height=\"1496\" data-id=\"12627\" data-link=\"https:\/\/munigoicoechea.go.cr\/inicio\/palaciofotos-h\/\" data-url=\"https:\/\/munigoicoechea.go.cr\/inicio\/wp-content\/uploads\/2024\/06\/palaciofotos-h-1024x851.jpg\" data-width=\"1800\" src=\"https:\/\/i2.wp.com\/munigoicoechea.go.cr\/inicio\/wp-content\/uploads\/2024\/06\/palaciofotos-h-1024x851.jpg?ssl=1\" data-amp-layout=\"responsive\"\/><\/figure><\/div><div class=\"tiled-gallery__col\" style=\"flex-basis:64.85665%\"><figure class=\"tiled-gallery__item\"><img decoding=\"async\" srcset=\"https:\/\/i0.wp.com\/munigoicoechea.go.cr\/inicio\/wp-content\/uploads\/2024\/06\/palaciofotos-q-903x1024.jpg?strip=info&#038;w=600&#038;ssl=1 600w,https:\/\/i0.wp.com\/munigoicoechea.go.cr\/inicio\/wp-content\/uploads\/2024\/06\/palaciofotos-q-903x1024.jpg?strip=info&#038;w=900&#038;ssl=1 900w,https:\/\/i0.wp.com\/munigoicoechea.go.cr\/inicio\/wp-content\/uploads\/2024\/06\/palaciofotos-q-903x1024.jpg?strip=info&#038;w=1200&#038;ssl=1 1200w,https:\/\/i0.wp.com\/munigoicoechea.go.cr\/inicio\/wp-content\/uploads\/2024\/06\/palaciofotos-q-903x1024.jpg?strip=info&#038;w=1500&#038;ssl=1 1500w,https:\/\/i0.wp.com\/munigoicoechea.go.cr\/inicio\/wp-content\/uploads\/2024\/06\/palaciofotos-q-903x1024.jpg?strip=info&#038;w=1800&#038;ssl=1 1800w\" alt=\"\" data-height=\"2042\" data-id=\"12630\" data-link=\"https:\/\/munigoicoechea.go.cr\/inicio\/palaciofotos-q\/\" data-url=\"https:\/\/munigoicoechea.go.cr\/inicio\/wp-content\/uploads\/2024\/06\/palaciofotos-q-903x1024.jpg\" data-width=\"1800\" src=\"https:\/\/i0.wp.com\/munigoicoechea.go.cr\/inicio\/wp-content\/uploads\/2024\/06\/palaciofotos-q-903x1024.jpg?ssl=1\" data-amp-layout=\"responsive\"\/><\/figure><\/div><\/div><div class=\"tiled-gallery__row\"><div class=\"tiled-gallery__col\" style=\"flex-basis:64.61690%\"><figure class=\"tiled-gallery__item\"><img decoding=\"async\" srcset=\"https:\/\/i0.wp.com\/munigoicoechea.go.cr\/inicio\/wp-content\/uploads\/2024\/06\/palaciofotos-ss-1024x816.jpg?strip=info&#038;w=600&#038;ssl=1 600w,https:\/\/i0.wp.com\/munigoicoechea.go.cr\/inicio\/wp-content\/uploads\/2024\/06\/palaciofotos-ss-1024x816.jpg?strip=info&#038;w=900&#038;ssl=1 900w,https:\/\/i0.wp.com\/munigoicoechea.go.cr\/inicio\/wp-content\/uploads\/2024\/06\/palaciofotos-ss-1024x816.jpg?strip=info&#038;w=1200&#038;ssl=1 1200w,https:\/\/i0.wp.com\/munigoicoechea.go.cr\/inicio\/wp-content\/uploads\/2024\/06\/palaciofotos-ss-1024x816.jpg?strip=info&#038;w=1500&#038;ssl=1 1500w,https:\/\/i0.wp.com\/munigoicoechea.go.cr\/inicio\/wp-content\/uploads\/2024\/06\/palaciofotos-ss-1024x816.jpg?strip=info&#038;w=1800&#038;ssl=1 1800w\" alt=\"\" data-height=\"1434\" data-id=\"12632\" data-link=\"https:\/\/munigoicoechea.go.cr\/inicio\/palaciofotos-ss\/\" data-url=\"https:\/\/munigoicoechea.go.cr\/inicio\/wp-content\/uploads\/2024\/06\/palaciofotos-ss-1024x816.jpg\" data-width=\"1800\" src=\"https:\/\/i0.wp.com\/munigoicoechea.go.cr\/inicio\/wp-content\/uploads\/2024\/06\/palaciofotos-ss-1024x816.jpg?ssl=1\" data-amp-layout=\"responsive\"\/><\/figure><\/div><div class=\"tiled-gallery__col\" style=\"flex-basis:35.38310%\"><figure class=\"tiled-gallery__item\"><img decoding=\"async\" srcset=\"https:\/\/i0.wp.com\/munigoicoechea.go.cr\/inicio\/wp-content\/uploads\/2024\/06\/palaciofotos-t-1024x809.jpg?strip=info&#038;w=600&#038;ssl=1 600w,https:\/\/i0.wp.com\/munigoicoechea.go.cr\/inicio\/wp-content\/uploads\/2024\/06\/palaciofotos-t-1024x809.jpg?strip=info&#038;w=900&#038;ssl=1 900w,https:\/\/i0.wp.com\/munigoicoechea.go.cr\/inicio\/wp-content\/uploads\/2024\/06\/palaciofotos-t-1024x809.jpg?strip=info&#038;w=1200&#038;ssl=1 1200w,https:\/\/i0.wp.com\/munigoicoechea.go.cr\/inicio\/wp-content\/uploads\/2024\/06\/palaciofotos-t-1024x809.jpg?strip=info&#038;w=1500&#038;ssl=1 1500w,https:\/\/i0.wp.com\/munigoicoechea.go.cr\/inicio\/wp-content\/uploads\/2024\/06\/palaciofotos-t-1024x809.jpg?strip=info&#038;w=1800&#038;ssl=1 1800w\" alt=\"\" data-height=\"1422\" data-id=\"12633\" data-link=\"https:\/\/munigoicoechea.go.cr\/inicio\/palaciofotos-t\/\" data-url=\"https:\/\/munigoicoechea.go.cr\/inicio\/wp-content\/uploads\/2024\/06\/palaciofotos-t-1024x809.jpg\" data-width=\"1800\" src=\"https:\/\/i0.wp.com\/munigoicoechea.go.cr\/inicio\/wp-content\/uploads\/2024\/06\/palaciofotos-t-1024x809.jpg?ssl=1\" data-amp-layout=\"responsive\"\/><\/figure><figure class=\"tiled-gallery__item\"><img decoding=\"async\" srcset=\"https:\/\/i2.wp.com\/munigoicoechea.go.cr\/inicio\/wp-content\/uploads\/2024\/06\/palaciofotos-c-1024x673.jpg?strip=info&#038;w=600&#038;ssl=1 600w,https:\/\/i2.wp.com\/munigoicoechea.go.cr\/inicio\/wp-content\/uploads\/2024\/06\/palaciofotos-c-1024x673.jpg?strip=info&#038;w=900&#038;ssl=1 900w,https:\/\/i2.wp.com\/munigoicoechea.go.cr\/inicio\/wp-content\/uploads\/2024\/06\/palaciofotos-c-1024x673.jpg?strip=info&#038;w=1200&#038;ssl=1 1200w,https:\/\/i2.wp.com\/munigoicoechea.go.cr\/inicio\/wp-content\/uploads\/2024\/06\/palaciofotos-c-1024x673.jpg?strip=info&#038;w=1500&#038;ssl=1 1500w,https:\/\/i2.wp.com\/munigoicoechea.go.cr\/inicio\/wp-content\/uploads\/2024\/06\/palaciofotos-c-1024x673.jpg?strip=info&#038;w=1800&#038;ssl=1 1800w\" alt=\"\" data-height=\"1183\" data-id=\"12618\" data-link=\"https:\/\/munigoicoechea.go.cr\/inicio\/palaciofotos-c\/\" data-url=\"https:\/\/munigoicoechea.go.cr\/inicio\/wp-content\/uploads\/2024\/06\/palaciofotos-c-1024x673.jpg\" data-width=\"1800\" src=\"https:\/\/i2.wp.com\/munigoicoechea.go.cr\/inicio\/wp-content\/uploads\/2024\/06\/palaciofotos-c-1024x673.jpg?ssl=1\" data-amp-layout=\"responsive\"\/><\/figure><\/div><\/div><div class=\"tiled-gallery__row\"><div class=\"tiled-gallery__col\" style=\"flex-basis:53.06908%\"><figure class=\"tiled-gallery__item\"><img decoding=\"async\" srcset=\"https:\/\/i1.wp.com\/munigoicoechea.go.cr\/inicio\/wp-content\/uploads\/2024\/06\/palaciofotos-cc-1024x695.jpg?strip=info&#038;w=600&#038;ssl=1 600w,https:\/\/i1.wp.com\/munigoicoechea.go.cr\/inicio\/wp-content\/uploads\/2024\/06\/palaciofotos-cc-1024x695.jpg?strip=info&#038;w=900&#038;ssl=1 900w,https:\/\/i1.wp.com\/munigoicoechea.go.cr\/inicio\/wp-content\/uploads\/2024\/06\/palaciofotos-cc-1024x695.jpg?strip=info&#038;w=1200&#038;ssl=1 1200w,https:\/\/i1.wp.com\/munigoicoechea.go.cr\/inicio\/wp-content\/uploads\/2024\/06\/palaciofotos-cc-1024x695.jpg?strip=info&#038;w=1500&#038;ssl=1 1500w,https:\/\/i1.wp.com\/munigoicoechea.go.cr\/inicio\/wp-content\/uploads\/2024\/06\/palaciofotos-cc-1024x695.jpg?strip=info&#038;w=1800&#038;ssl=1 1800w\" alt=\"\" data-height=\"1222\" data-id=\"12619\" data-link=\"https:\/\/munigoicoechea.go.cr\/inicio\/palaciofotos-cc\/\" data-url=\"https:\/\/munigoicoechea.go.cr\/inicio\/wp-content\/uploads\/2024\/06\/palaciofotos-cc-1024x695.jpg\" data-width=\"1800\" src=\"https:\/\/i1.wp.com\/munigoicoechea.go.cr\/inicio\/wp-content\/uploads\/2024\/06\/palaciofotos-cc-1024x695.jpg?ssl=1\" data-amp-layout=\"responsive\"\/><\/figure><\/div><div class=\"tiled-gallery__col\" style=\"flex-basis:46.93092%\"><figure class=\"tiled-gallery__item\"><img decoding=\"async\" srcset=\"https:\/\/i0.wp.com\/munigoicoechea.go.cr\/inicio\/wp-content\/uploads\/2024\/06\/palaciofotos-d-1024x786.jpg?strip=info&#038;w=600&#038;ssl=1 600w,https:\/\/i0.wp.com\/munigoicoechea.go.cr\/inicio\/wp-content\/uploads\/2024\/06\/palaciofotos-d-1024x786.jpg?strip=info&#038;w=900&#038;ssl=1 900w,https:\/\/i0.wp.com\/munigoicoechea.go.cr\/inicio\/wp-content\/uploads\/2024\/06\/palaciofotos-d-1024x786.jpg?strip=info&#038;w=1200&#038;ssl=1 1200w,https:\/\/i0.wp.com\/munigoicoechea.go.cr\/inicio\/wp-content\/uploads\/2024\/06\/palaciofotos-d-1024x786.jpg?strip=info&#038;w=1500&#038;ssl=1 1500w,https:\/\/i0.wp.com\/munigoicoechea.go.cr\/inicio\/wp-content\/uploads\/2024\/06\/palaciofotos-d-1024x786.jpg?strip=info&#038;w=1800&#038;ssl=1 1800w,https:\/\/i0.wp.com\/munigoicoechea.go.cr\/inicio\/wp-content\/uploads\/2024\/06\/palaciofotos-d-1024x786.jpg?strip=info&#038;w=2000&#038;ssl=1 2000w\" alt=\"\" data-height=\"1536\" data-id=\"12620\" data-link=\"https:\/\/munigoicoechea.go.cr\/inicio\/palaciofotos-d\/\" data-url=\"https:\/\/munigoicoechea.go.cr\/inicio\/wp-content\/uploads\/2024\/06\/palaciofotos-d-1024x786.jpg\" data-width=\"2000\" src=\"https:\/\/i0.wp.com\/munigoicoechea.go.cr\/inicio\/wp-content\/uploads\/2024\/06\/palaciofotos-d-1024x786.jpg?ssl=1\" data-amp-layout=\"responsive\"\/><\/figure><\/div><\/div><\/div><\/div><\/div>\n\n\n\n<p>En la entrega de reconocimientos estuvo presente el historiador Francisco Enr\u00edquez, quien agradeci\u00f3 al alcalde, al Archivo Central y a la Municipalidad impulsar estas iniciativas que refuerzan la identidad cultural del cant\u00f3n.<\/p>\n\n\n\n<p>Los vecinos tambi\u00e9n disfrutaron de las exposiciones \u00abSan Jos\u00e9 en blanco y negro\u00bb y \u00abPaz en Costa Rica: entre la realidad y el mito\u00bb, en el Palacio Municipal, donde los acompa\u00f1\u00f3 el alcalde.<\/p>\n\n\n\n<p>\u00abUstedes son el motor que impulsa el rescate de las tradiciones, de las ra\u00edces y del ser de habitante de Goicoechea. Desde la Alcald\u00eda Municipal, seguiremos impulsando estas actividades para conservar nuestra identidad cultural\u00bb, expres\u00f3 Chavarr\u00eda.<\/p>\n","protected":false},"excerpt":{"rendered":"<p>El alcalde municipal, Lic. Fernando Chavarr\u00eda Quir\u00f3s, entreg\u00f3 los reconocimientos a los ganadores del concurso de fotograf\u00edas antiguas que organiz\u00f3 el Archivo Central de la Municipalidad de Goicoechea con motivo del Mes del Archivo, cuyo d\u00eda internacional se celebra cada 9 de junio. El primer lugar lo obtuvo do\u00f1a Rosa Portilla Guzm\u00e1n, quien present\u00f3 una [&hellip;]<\/p>\n","protected":false},"author":38,"featured_media":12642,"comment_status":"open","ping_status":"closed","sticky":false,"template":"","format":"standard","meta":{"_monsterinsights_skip_tracking":false,"_monsterinsights_sitenote_active":false,"_monsterinsights_sitenote_note":"","_monsterinsights_sitenote_category":0,"_jetpack_memberships_contains_paid_content":false,"_joinchat":[],"footnotes":""},"categories":[13],"tags":[46,196,242,15],"class_list":["post-12643","post","type-post","status-publish","format-standard","has-post-thumbnail","hentry","category-noticias","tag-alcaldia-municipal","tag-archivo-central","tag-fernando-chavarria","tag-municipalidad-de-goicoechea"],"aioseo_notices":[],"yoast_head":"<!-- This site is optimized with the Yoast SEO plugin v27.1.1 - https:\/\/yoast.com\/product\/yoast-seo-wordpress\/ -->\n<title>Ganadores de concurso de fotos antiguas recorren exposiciones con alcalde municipal &#8211; Municipalidad de Goicoechea<\/title>\n<meta name=\"robots\" content=\"index, follow, max-snippet:-1, max-image-preview:large, max-video-preview:-1\" \/>\n<link rel=\"canonical\" href=\"https:\/\/munigoicoechea.go.cr\/inicio\/2024\/06\/20\/ganadores-de-concurso-de-fotos-antiguas-recorren-exposiciones-con-alcalde-municipal\/\" \/>\n<meta property=\"og:locale\" content=\"es_ES\" \/>\n<meta property=\"og:type\" content=\"article\" \/>\n<meta property=\"og:title\" content=\"Ganadores de concurso de fotos antiguas recorren exposiciones con alcalde municipal &#8211; Municipalidad de Goicoechea\" \/>\n<meta property=\"og:description\" content=\"El alcalde municipal, Lic. Fernando Chavarr\u00eda Quir\u00f3s, entreg\u00f3 los reconocimientos a los ganadores del concurso de fotograf\u00edas antiguas que organiz\u00f3 el Archivo Central de la Municipalidad de Goicoechea con motivo del Mes del Archivo, cuyo d\u00eda internacional se celebra cada 9 de junio. El primer lugar lo obtuvo do\u00f1a Rosa Portilla Guzm\u00e1n, quien present\u00f3 una [&hellip;]\" \/>\n<meta property=\"og:url\" content=\"https:\/\/munigoicoechea.go.cr\/inicio\/2024\/06\/20\/ganadores-de-concurso-de-fotos-antiguas-recorren-exposiciones-con-alcalde-municipal\/\" \/>\n<meta property=\"og:site_name\" content=\"Municipalidad de Goicoechea\" \/>\n<meta property=\"article:publisher\" content=\"https:\/\/www.facebook.com\/munigoicooficial\/\" \/>\n<meta property=\"article:published_time\" content=\"2024-06-20T15:34:53+00:00\" \/>\n<meta property=\"article:modified_time\" content=\"2024-06-20T19:43:51+00:00\" \/>\n<meta property=\"og:image\" content=\"https:\/\/munigoicoechea.go.cr\/inicio\/wp-content\/uploads\/2024\/06\/portada-fotos.jpg\" \/>\n\t<meta property=\"og:image:width\" content=\"1560\" \/>\n\t<meta property=\"og:image:height\" content=\"960\" \/>\n\t<meta property=\"og:image:type\" content=\"image\/jpeg\" \/>\n<meta name=\"author\" content=\"Roberto Acosta\" \/>\n<meta name=\"twitter:card\" content=\"summary_large_image\" \/>\n<meta name=\"twitter:label1\" content=\"Escrito por\" \/>\n\t<meta name=\"twitter:data1\" content=\"Roberto Acosta\" \/>\n\t<meta name=\"twitter:label2\" content=\"Tiempo de lectura\" \/>\n\t<meta name=\"twitter:data2\" content=\"6 minutos\" \/>\n<script type=\"application\/ld+json\" class=\"yoast-schema-graph\">{\"@context\":\"https:\/\/schema.org\",\"@graph\":[{\"@type\":\"Article\",\"@id\":\"https:\/\/munigoicoechea.go.cr\/inicio\/2024\/06\/20\/ganadores-de-concurso-de-fotos-antiguas-recorren-exposiciones-con-alcalde-municipal\/#article\",\"isPartOf\":{\"@id\":\"https:\/\/munigoicoechea.go.cr\/inicio\/2024\/06\/20\/ganadores-de-concurso-de-fotos-antiguas-recorren-exposiciones-con-alcalde-municipal\/\"},\"author\":{\"name\":\"Roberto Acosta\",\"@id\":\"https:\/\/munigoicoechea.go.cr\/inicio\/#\/schema\/person\/981fe0634f80a7634743a82c88a0c66a\"},\"headline\":\"Ganadores de concurso de fotos antiguas recorren exposiciones con alcalde municipal\",\"datePublished\":\"2024-06-20T15:34:53+00:00\",\"dateModified\":\"2024-06-20T19:43:51+00:00\",\"mainEntityOfPage\":{\"@id\":\"https:\/\/munigoicoechea.go.cr\/inicio\/2024\/06\/20\/ganadores-de-concurso-de-fotos-antiguas-recorren-exposiciones-con-alcalde-municipal\/\"},\"wordCount\":592,\"commentCount\":2,\"publisher\":{\"@id\":\"https:\/\/munigoicoechea.go.cr\/inicio\/#organization\"},\"image\":{\"@id\":\"https:\/\/munigoicoechea.go.cr\/inicio\/2024\/06\/20\/ganadores-de-concurso-de-fotos-antiguas-recorren-exposiciones-con-alcalde-municipal\/#primaryimage\"},\"thumbnailUrl\":\"https:\/\/i0.wp.com\/munigoicoechea.go.cr\/inicio\/wp-content\/uploads\/2024\/06\/portada-fotos.jpg?fit=1560%2C960&ssl=1\",\"keywords\":[\"Alcald\u00eda Municipal\",\"Archivo Central\",\"Fernando Chavarr\u00eda\",\"MUNICIPALIDAD DE GOICOECHEA\"],\"articleSection\":[\"Noticias\"],\"inLanguage\":\"es\",\"potentialAction\":[{\"@type\":\"CommentAction\",\"name\":\"Comment\",\"target\":[\"https:\/\/munigoicoechea.go.cr\/inicio\/2024\/06\/20\/ganadores-de-concurso-de-fotos-antiguas-recorren-exposiciones-con-alcalde-municipal\/#respond\"]}]},{\"@type\":\"WebPage\",\"@id\":\"https:\/\/munigoicoechea.go.cr\/inicio\/2024\/06\/20\/ganadores-de-concurso-de-fotos-antiguas-recorren-exposiciones-con-alcalde-municipal\/\",\"url\":\"https:\/\/munigoicoechea.go.cr\/inicio\/2024\/06\/20\/ganadores-de-concurso-de-fotos-antiguas-recorren-exposiciones-con-alcalde-municipal\/\",\"name\":\"Ganadores de concurso de fotos antiguas recorren exposiciones con alcalde municipal &#8211; Municipalidad de Goicoechea\",\"isPartOf\":{\"@id\":\"https:\/\/munigoicoechea.go.cr\/inicio\/#website\"},\"primaryImageOfPage\":{\"@id\":\"https:\/\/munigoicoechea.go.cr\/inicio\/2024\/06\/20\/ganadores-de-concurso-de-fotos-antiguas-recorren-exposiciones-con-alcalde-municipal\/#primaryimage\"},\"image\":{\"@id\":\"https:\/\/munigoicoechea.go.cr\/inicio\/2024\/06\/20\/ganadores-de-concurso-de-fotos-antiguas-recorren-exposiciones-con-alcalde-municipal\/#primaryimage\"},\"thumbnailUrl\":\"https:\/\/i0.wp.com\/munigoicoechea.go.cr\/inicio\/wp-content\/uploads\/2024\/06\/portada-fotos.jpg?fit=1560%2C960&ssl=1\",\"datePublished\":\"2024-06-20T15:34:53+00:00\",\"dateModified\":\"2024-06-20T19:43:51+00:00\",\"breadcrumb\":{\"@id\":\"https:\/\/munigoicoechea.go.cr\/inicio\/2024\/06\/20\/ganadores-de-concurso-de-fotos-antiguas-recorren-exposiciones-con-alcalde-municipal\/#breadcrumb\"},\"inLanguage\":\"es\",\"potentialAction\":[{\"@type\":\"ReadAction\",\"target\":[\"https:\/\/munigoicoechea.go.cr\/inicio\/2024\/06\/20\/ganadores-de-concurso-de-fotos-antiguas-recorren-exposiciones-con-alcalde-municipal\/\"]}]},{\"@type\":\"ImageObject\",\"inLanguage\":\"es\",\"@id\":\"https:\/\/munigoicoechea.go.cr\/inicio\/2024\/06\/20\/ganadores-de-concurso-de-fotos-antiguas-recorren-exposiciones-con-alcalde-municipal\/#primaryimage\",\"url\":\"https:\/\/i0.wp.com\/munigoicoechea.go.cr\/inicio\/wp-content\/uploads\/2024\/06\/portada-fotos.jpg?fit=1560%2C960&ssl=1\",\"contentUrl\":\"https:\/\/i0.wp.com\/munigoicoechea.go.cr\/inicio\/wp-content\/uploads\/2024\/06\/portada-fotos.jpg?fit=1560%2C960&ssl=1\",\"width\":1560,\"height\":960},{\"@type\":\"BreadcrumbList\",\"@id\":\"https:\/\/munigoicoechea.go.cr\/inicio\/2024\/06\/20\/ganadores-de-concurso-de-fotos-antiguas-recorren-exposiciones-con-alcalde-municipal\/#breadcrumb\",\"itemListElement\":[{\"@type\":\"ListItem\",\"position\":1,\"name\":\"Portada\",\"item\":\"https:\/\/munigoicoechea.go.cr\/inicio\/\"},{\"@type\":\"ListItem\",\"position\":2,\"name\":\"Ganadores de concurso de fotos antiguas recorren exposiciones con alcalde municipal\"}]},{\"@type\":\"WebSite\",\"@id\":\"https:\/\/munigoicoechea.go.cr\/inicio\/#website\",\"url\":\"https:\/\/munigoicoechea.go.cr\/inicio\/\",\"name\":\"Municipalidad de Goicoechea\",\"description\":\"\u00a1Hacemos que las cosas sucedan!\",\"publisher\":{\"@id\":\"https:\/\/munigoicoechea.go.cr\/inicio\/#organization\"},\"potentialAction\":[{\"@type\":\"SearchAction\",\"target\":{\"@type\":\"EntryPoint\",\"urlTemplate\":\"https:\/\/munigoicoechea.go.cr\/inicio\/?s={search_term_string}\"},\"query-input\":{\"@type\":\"PropertyValueSpecification\",\"valueRequired\":true,\"valueName\":\"search_term_string\"}}],\"inLanguage\":\"es\"},{\"@type\":\"Organization\",\"@id\":\"https:\/\/munigoicoechea.go.cr\/inicio\/#organization\",\"name\":\"Municipalidad de Goicoechea\",\"url\":\"https:\/\/munigoicoechea.go.cr\/inicio\/\",\"logo\":{\"@type\":\"ImageObject\",\"inLanguage\":\"es\",\"@id\":\"https:\/\/munigoicoechea.go.cr\/inicio\/#\/schema\/logo\/image\/\",\"url\":\"https:\/\/i0.wp.com\/munigoicoechea.go.cr\/inicio\/wp-content\/uploads\/2021\/09\/cropped-cropped-Logo_Oficial-300x290-1.png?fit=512%2C512&ssl=1\",\"contentUrl\":\"https:\/\/i0.wp.com\/munigoicoechea.go.cr\/inicio\/wp-content\/uploads\/2021\/09\/cropped-cropped-Logo_Oficial-300x290-1.png?fit=512%2C512&ssl=1\",\"width\":512,\"height\":512,\"caption\":\"Municipalidad de Goicoechea\"},\"image\":{\"@id\":\"https:\/\/munigoicoechea.go.cr\/inicio\/#\/schema\/logo\/image\/\"},\"sameAs\":[\"https:\/\/www.facebook.com\/munigoicooficial\/\",\"https:\/\/www.youtube.com\/channel\/UCdAVgrbooTmXJlBeYMusKiA?reload=9\"]},{\"@type\":\"Person\",\"@id\":\"https:\/\/munigoicoechea.go.cr\/inicio\/#\/schema\/person\/981fe0634f80a7634743a82c88a0c66a\",\"name\":\"Roberto Acosta\",\"image\":{\"@type\":\"ImageObject\",\"inLanguage\":\"es\",\"@id\":\"https:\/\/munigoicoechea.go.cr\/inicio\/#\/schema\/person\/image\/\",\"url\":\"https:\/\/secure.gravatar.com\/avatar\/25356dec1ccdc82bd3082018eb132ac434c8b0ca5179bdc5d88de5fdb4b7b3cd?s=96&d=mm&r=g\",\"contentUrl\":\"https:\/\/secure.gravatar.com\/avatar\/25356dec1ccdc82bd3082018eb132ac434c8b0ca5179bdc5d88de5fdb4b7b3cd?s=96&d=mm&r=g\",\"caption\":\"Roberto Acosta\"},\"url\":\"https:\/\/munigoicoechea.go.cr\/inicio\/author\/roberto-acosta\/\"}]}<\/script>\n<!-- \/ Yoast SEO plugin. -->","yoast_head_json":{"title":"Ganadores de concurso de fotos antiguas recorren exposiciones con alcalde municipal &#8211; Municipalidad de Goicoechea","robots":{"index":"index","follow":"follow","max-snippet":"max-snippet:-1","max-image-preview":"max-image-preview:large","max-video-preview":"max-video-preview:-1"},"canonical":"https:\/\/munigoicoechea.go.cr\/inicio\/2024\/06\/20\/ganadores-de-concurso-de-fotos-antiguas-recorren-exposiciones-con-alcalde-municipal\/","og_locale":"es_ES","og_type":"article","og_title":"Ganadores de concurso de fotos antiguas recorren exposiciones con alcalde municipal &#8211; Municipalidad de Goicoechea","og_description":"El alcalde municipal, Lic. Fernando Chavarr\u00eda Quir\u00f3s, entreg\u00f3 los reconocimientos a los ganadores del concurso de fotograf\u00edas antiguas que organiz\u00f3 el Archivo Central de la Municipalidad de Goicoechea con motivo del Mes del Archivo, cuyo d\u00eda internacional se celebra cada 9 de junio. El primer lugar lo obtuvo do\u00f1a Rosa Portilla Guzm\u00e1n, quien present\u00f3 una [&hellip;]","og_url":"https:\/\/munigoicoechea.go.cr\/inicio\/2024\/06\/20\/ganadores-de-concurso-de-fotos-antiguas-recorren-exposiciones-con-alcalde-municipal\/","og_site_name":"Municipalidad de Goicoechea","article_publisher":"https:\/\/www.facebook.com\/munigoicooficial\/","article_published_time":"2024-06-20T15:34:53+00:00","article_modified_time":"2024-06-20T19:43:51+00:00","og_image":[{"width":1560,"height":960,"url":"https:\/\/munigoicoechea.go.cr\/inicio\/wp-content\/uploads\/2024\/06\/portada-fotos.jpg","type":"image\/jpeg"}],"author":"Roberto Acosta","twitter_card":"summary_large_image","twitter_misc":{"Escrito por":"Roberto Acosta","Tiempo de lectura":"6 minutos"},"schema":{"@context":"https:\/\/schema.org","@graph":[{"@type":"Article","@id":"https:\/\/munigoicoechea.go.cr\/inicio\/2024\/06\/20\/ganadores-de-concurso-de-fotos-antiguas-recorren-exposiciones-con-alcalde-municipal\/#article","isPartOf":{"@id":"https:\/\/munigoicoechea.go.cr\/inicio\/2024\/06\/20\/ganadores-de-concurso-de-fotos-antiguas-recorren-exposiciones-con-alcalde-municipal\/"},"author":{"name":"Roberto Acosta","@id":"https:\/\/munigoicoechea.go.cr\/inicio\/#\/schema\/person\/981fe0634f80a7634743a82c88a0c66a"},"headline":"Ganadores de concurso de fotos antiguas recorren exposiciones con alcalde municipal","datePublished":"2024-06-20T15:34:53+00:00","dateModified":"2024-06-20T19:43:51+00:00","mainEntityOfPage":{"@id":"https:\/\/munigoicoechea.go.cr\/inicio\/2024\/06\/20\/ganadores-de-concurso-de-fotos-antiguas-recorren-exposiciones-con-alcalde-municipal\/"},"wordCount":592,"commentCount":2,"publisher":{"@id":"https:\/\/munigoicoechea.go.cr\/inicio\/#organization"},"image":{"@id":"https:\/\/munigoicoechea.go.cr\/inicio\/2024\/06\/20\/ganadores-de-concurso-de-fotos-antiguas-recorren-exposiciones-con-alcalde-municipal\/#primaryimage"},"thumbnailUrl":"https:\/\/i0.wp.com\/munigoicoechea.go.cr\/inicio\/wp-content\/uploads\/2024\/06\/portada-fotos.jpg?fit=1560%2C960&ssl=1","keywords":["Alcald\u00eda Municipal","Archivo Central","Fernando Chavarr\u00eda","MUNICIPALIDAD DE GOICOECHEA"],"articleSection":["Noticias"],"inLanguage":"es","potentialAction":[{"@type":"CommentAction","name":"Comment","target":["https:\/\/munigoicoechea.go.cr\/inicio\/2024\/06\/20\/ganadores-de-concurso-de-fotos-antiguas-recorren-exposiciones-con-alcalde-municipal\/#respond"]}]},{"@type":"WebPage","@id":"https:\/\/munigoicoechea.go.cr\/inicio\/2024\/06\/20\/ganadores-de-concurso-de-fotos-antiguas-recorren-exposiciones-con-alcalde-municipal\/","url":"https:\/\/munigoicoechea.go.cr\/inicio\/2024\/06\/20\/ganadores-de-concurso-de-fotos-antiguas-recorren-exposiciones-con-alcalde-municipal\/","name":"Ganadores de concurso de fotos antiguas recorren exposiciones con alcalde municipal &#8211; Municipalidad de Goicoechea","isPartOf":{"@id":"https:\/\/munigoicoechea.go.cr\/inicio\/#website"},"primaryImageOfPage":{"@id":"https:\/\/munigoicoechea.go.cr\/inicio\/2024\/06\/20\/ganadores-de-concurso-de-fotos-antiguas-recorren-exposiciones-con-alcalde-municipal\/#primaryimage"},"image":{"@id":"https:\/\/munigoicoechea.go.cr\/inicio\/2024\/06\/20\/ganadores-de-concurso-de-fotos-antiguas-recorren-exposiciones-con-alcalde-municipal\/#primaryimage"},"thumbnailUrl":"https:\/\/i0.wp.com\/munigoicoechea.go.cr\/inicio\/wp-content\/uploads\/2024\/06\/portada-fotos.jpg?fit=1560%2C960&ssl=1","datePublished":"2024-06-20T15:34:53+00:00","dateModified":"2024-06-20T19:43:51+00:00","breadcrumb":{"@id":"https:\/\/munigoicoechea.go.cr\/inicio\/2024\/06\/20\/ganadores-de-concurso-de-fotos-antiguas-recorren-exposiciones-con-alcalde-municipal\/#breadcrumb"},"inLanguage":"es","potentialAction":[{"@type":"ReadAction","target":["https:\/\/munigoicoechea.go.cr\/inicio\/2024\/06\/20\/ganadores-de-concurso-de-fotos-antiguas-recorren-exposiciones-con-alcalde-municipal\/"]}]},{"@type":"ImageObject","inLanguage":"es","@id":"https:\/\/munigoicoechea.go.cr\/inicio\/2024\/06\/20\/ganadores-de-concurso-de-fotos-antiguas-recorren-exposiciones-con-alcalde-municipal\/#primaryimage","url":"https:\/\/i0.wp.com\/munigoicoechea.go.cr\/inicio\/wp-content\/uploads\/2024\/06\/portada-fotos.jpg?fit=1560%2C960&ssl=1","contentUrl":"https:\/\/i0.wp.com\/munigoicoechea.go.cr\/inicio\/wp-content\/uploads\/2024\/06\/portada-fotos.jpg?fit=1560%2C960&ssl=1","width":1560,"height":960},{"@type":"BreadcrumbList","@id":"https:\/\/munigoicoechea.go.cr\/inicio\/2024\/06\/20\/ganadores-de-concurso-de-fotos-antiguas-recorren-exposiciones-con-alcalde-municipal\/#breadcrumb","itemListElement":[{"@type":"ListItem","position":1,"name":"Portada","item":"https:\/\/munigoicoechea.go.cr\/inicio\/"},{"@type":"ListItem","position":2,"name":"Ganadores de concurso de fotos antiguas recorren exposiciones con alcalde municipal"}]},{"@type":"WebSite","@id":"https:\/\/munigoicoechea.go.cr\/inicio\/#website","url":"https:\/\/munigoicoechea.go.cr\/inicio\/","name":"Municipalidad de Goicoechea","description":"\u00a1Hacemos que las cosas sucedan!","publisher":{"@id":"https:\/\/munigoicoechea.go.cr\/inicio\/#organization"},"potentialAction":[{"@type":"SearchAction","target":{"@type":"EntryPoint","urlTemplate":"https:\/\/munigoicoechea.go.cr\/inicio\/?s={search_term_string}"},"query-input":{"@type":"PropertyValueSpecification","valueRequired":true,"valueName":"search_term_string"}}],"inLanguage":"es"},{"@type":"Organization","@id":"https:\/\/munigoicoechea.go.cr\/inicio\/#organization","name":"Municipalidad de Goicoechea","url":"https:\/\/munigoicoechea.go.cr\/inicio\/","logo":{"@type":"ImageObject","inLanguage":"es","@id":"https:\/\/munigoicoechea.go.cr\/inicio\/#\/schema\/logo\/image\/","url":"https:\/\/i0.wp.com\/munigoicoechea.go.cr\/inicio\/wp-content\/uploads\/2021\/09\/cropped-cropped-Logo_Oficial-300x290-1.png?fit=512%2C512&ssl=1","contentUrl":"https:\/\/i0.wp.com\/munigoicoechea.go.cr\/inicio\/wp-content\/uploads\/2021\/09\/cropped-cropped-Logo_Oficial-300x290-1.png?fit=512%2C512&ssl=1","width":512,"height":512,"caption":"Municipalidad de Goicoechea"},"image":{"@id":"https:\/\/munigoicoechea.go.cr\/inicio\/#\/schema\/logo\/image\/"},"sameAs":["https:\/\/www.facebook.com\/munigoicooficial\/","https:\/\/www.youtube.com\/channel\/UCdAVgrbooTmXJlBeYMusKiA?reload=9"]},{"@type":"Person","@id":"https:\/\/munigoicoechea.go.cr\/inicio\/#\/schema\/person\/981fe0634f80a7634743a82c88a0c66a","name":"Roberto Acosta","image":{"@type":"ImageObject","inLanguage":"es","@id":"https:\/\/munigoicoechea.go.cr\/inicio\/#\/schema\/person\/image\/","url":"https:\/\/secure.gravatar.com\/avatar\/25356dec1ccdc82bd3082018eb132ac434c8b0ca5179bdc5d88de5fdb4b7b3cd?s=96&d=mm&r=g","contentUrl":"https:\/\/secure.gravatar.com\/avatar\/25356dec1ccdc82bd3082018eb132ac434c8b0ca5179bdc5d88de5fdb4b7b3cd?s=96&d=mm&r=g","caption":"Roberto Acosta"},"url":"https:\/\/munigoicoechea.go.cr\/inicio\/author\/roberto-acosta\/"}]}},"jetpack_featured_media_url":"https:\/\/i0.wp.com\/munigoicoechea.go.cr\/inicio\/wp-content\/uploads\/2024\/06\/portada-fotos.jpg?fit=1560%2C960&ssl=1","jetpack_sharing_enabled":true,"_links":{"self":[{"href":"https:\/\/munigoicoechea.go.cr\/inicio\/wp-json\/wp\/v2\/posts\/12643","targetHints":{"allow":["GET"]}}],"collection":[{"href":"https:\/\/munigoicoechea.go.cr\/inicio\/wp-json\/wp\/v2\/posts"}],"about":[{"href":"https:\/\/munigoicoechea.go.cr\/inicio\/wp-json\/wp\/v2\/types\/post"}],"author":[{"embeddable":true,"href":"https:\/\/munigoicoechea.go.cr\/inicio\/wp-json\/wp\/v2\/users\/38"}],"replies":[{"embeddable":true,"href":"https:\/\/munigoicoechea.go.cr\/inicio\/wp-json\/wp\/v2\/comments?post=12643"}],"version-history":[{"count":7,"href":"https:\/\/munigoicoechea.go.cr\/inicio\/wp-json\/wp\/v2\/posts\/12643\/revisions"}],"predecessor-version":[{"id":12650,"href":"https:\/\/munigoicoechea.go.cr\/inicio\/wp-json\/wp\/v2\/posts\/12643\/revisions\/12650"}],"wp:featuredmedia":[{"embeddable":true,"href":"https:\/\/munigoicoechea.go.cr\/inicio\/wp-json\/wp\/v2\/media\/12642"}],"wp:attachment":[{"href":"https:\/\/munigoicoechea.go.cr\/inicio\/wp-json\/wp\/v2\/media?parent=12643"}],"wp:term":[{"taxonomy":"category","embeddable":true,"href":"https:\/\/munigoicoechea.go.cr\/inicio\/wp-json\/wp\/v2\/categories?post=12643"},{"taxonomy":"post_tag","embeddable":true,"href":"https:\/\/munigoicoechea.go.cr\/inicio\/wp-json\/wp\/v2\/tags?post=12643"}],"curies":[{"name":"wp","href":"https:\/\/api.w.org\/{rel}","templated":true}]}}