{"id":13013,"date":"2025-01-28T16:37:39","date_gmt":"2025-01-28T16:37:39","guid":{"rendered":"https:\/\/munigoicoechea.go.cr\/inicio\/?p=13013"},"modified":"2025-01-28T16:37:44","modified_gmt":"2025-01-28T16:37:44","slug":"municipalidad-de-goicoechea-y-embajada-de-chile-lideran-sensibilizacion-hacia-los-cuidadores","status":"publish","type":"post","link":"https:\/\/munigoicoechea.go.cr\/inicio\/2025\/01\/28\/municipalidad-de-goicoechea-y-embajada-de-chile-lideran-sensibilizacion-hacia-los-cuidadores\/","title":{"rendered":"Municipalidad de Goicoechea y Embajada de Chile lideran sensibilizaci\u00f3n hacia los cuidadores"},"content":{"rendered":"\n<figure class=\"wp-block-image size-large\"><img data-recalc-dims=\"1\" fetchpriority=\"high\" decoding=\"async\" width=\"800\" height=\"492\" src=\"https:\/\/i0.wp.com\/munigoicoechea.go.cr\/inicio\/wp-content\/uploads\/2025\/01\/chile-portada.webp?resize=800%2C492&#038;ssl=1\" alt=\"La ministra de la Condici\u00f3n de la Mujer, Cindy Quesada Hern\u00e1ndez; la embajadora de Chile en Costa Rica, Margarita Portuguez Gonz\u00e1lez, y el alcalde de Goicoechea, Fernando Chavarr\u00eda Quir\u00f3s, suscribieron el acuerdo para organizar el seminario internacional Chile-Costa Rica: Fortalecimiento de la Pol\u00edtica Nacional de Cuidados a trav\u00e9s de la experiencia comparada.\" class=\"wp-image-13011\" srcset=\"https:\/\/i0.wp.com\/munigoicoechea.go.cr\/inicio\/wp-content\/uploads\/2025\/01\/chile-portada.webp?resize=1024%2C630&amp;ssl=1 1024w, https:\/\/i0.wp.com\/munigoicoechea.go.cr\/inicio\/wp-content\/uploads\/2025\/01\/chile-portada.webp?resize=300%2C185&amp;ssl=1 300w, https:\/\/i0.wp.com\/munigoicoechea.go.cr\/inicio\/wp-content\/uploads\/2025\/01\/chile-portada.webp?resize=768%2C473&amp;ssl=1 768w, https:\/\/i0.wp.com\/munigoicoechea.go.cr\/inicio\/wp-content\/uploads\/2025\/01\/chile-portada.webp?resize=1536%2C945&amp;ssl=1 1536w, https:\/\/i0.wp.com\/munigoicoechea.go.cr\/inicio\/wp-content\/uploads\/2025\/01\/chile-portada.webp?w=1560&amp;ssl=1 1560w\" sizes=\"(max-width: 800px) 100vw, 800px\" \/><figcaption class=\"wp-element-caption\"><em>La ministra de la Condici\u00f3n de la Mujer, Cindy Quesada Hern\u00e1ndez; la embajadora de Chile en Costa Rica, Margarita Portuguez Gonz\u00e1lez, y el alcalde de Goicoechea, Fernando Chavarr\u00eda Quir\u00f3s, suscribieron el acuerdo para organizar el  seminario internacional Chile-Costa Rica: Fortalecimiento de la Pol\u00edtica Nacional de Cuidados a trav\u00e9s de la experiencia comparada. <strong>Foto: Unidad de Comunicaci\u00f3n &#8211; Municipalidad de Goicoechea.<\/strong><\/em><\/figcaption><\/figure>\n\n\n\n<p>La Municipalidad de Goicoechea da el ejemplo al pa\u00eds y se posiciona como el primer gobierno local en voltear su mirada hacia quienes cuidan personas o familiares en situaci\u00f3n de discapacidad, adultos mayores y ni\u00f1os.<\/p>\n\n\n\n<figure class=\"wp-block-image size-large\"><img data-recalc-dims=\"1\" decoding=\"async\" width=\"800\" height=\"492\" src=\"https:\/\/i0.wp.com\/munigoicoechea.go.cr\/inicio\/wp-content\/uploads\/2025\/01\/chile-d.webp?resize=800%2C492&#038;ssl=1\" alt=\"\" class=\"wp-image-13009\" srcset=\"https:\/\/i0.wp.com\/munigoicoechea.go.cr\/inicio\/wp-content\/uploads\/2025\/01\/chile-d-scaled.webp?resize=1024%2C630&amp;ssl=1 1024w, https:\/\/i0.wp.com\/munigoicoechea.go.cr\/inicio\/wp-content\/uploads\/2025\/01\/chile-d-scaled.webp?resize=300%2C185&amp;ssl=1 300w, https:\/\/i0.wp.com\/munigoicoechea.go.cr\/inicio\/wp-content\/uploads\/2025\/01\/chile-d-scaled.webp?resize=768%2C472&amp;ssl=1 768w, https:\/\/i0.wp.com\/munigoicoechea.go.cr\/inicio\/wp-content\/uploads\/2025\/01\/chile-d-scaled.webp?resize=1536%2C945&amp;ssl=1 1536w, https:\/\/i0.wp.com\/munigoicoechea.go.cr\/inicio\/wp-content\/uploads\/2025\/01\/chile-d-scaled.webp?resize=2048%2C1260&amp;ssl=1 2048w, https:\/\/i0.wp.com\/munigoicoechea.go.cr\/inicio\/wp-content\/uploads\/2025\/01\/chile-d-scaled.webp?w=1600&amp;ssl=1 1600w, https:\/\/i0.wp.com\/munigoicoechea.go.cr\/inicio\/wp-content\/uploads\/2025\/01\/chile-d-scaled.webp?w=2400&amp;ssl=1 2400w\" sizes=\"(max-width: 800px) 100vw, 800px\" \/><\/figure>\n\n\n\n<p>Es por eso que en alianza con un socio estrat\u00e9gico como la Embajada de Chile en Costa Rica, un pa\u00eds que ha desarrollado pol\u00edticas dirigidas a la sensibilizaci\u00f3n y acompa\u00f1amiento a los hogares donde hay un cuidador se llevar\u00e1 a cabo el seminario internacional Chile-Costa Rica: Fortalecimiento de la Pol\u00edtica Nacional de Cuidados a trav\u00e9s de la experiencia comparada.<\/p>\n\n\n\n<p>El evento cuenta con el apoyo del Ministerio de la Condici\u00f3n de la Mujer y se llevar\u00e1 a cabo en marzo del 2025, en el auditorio del Centro Nacional de Recursos para la Educaci\u00f3n Inclusiva (Cenarec), en el centro de Guadalupe.<\/p>\n\n\n\n<figure class=\"wp-block-image size-large\"><img data-recalc-dims=\"1\" decoding=\"async\" width=\"800\" height=\"568\" src=\"https:\/\/i0.wp.com\/munigoicoechea.go.cr\/inicio\/wp-content\/uploads\/2025\/01\/chile-i.webp?resize=800%2C568&#038;ssl=1\" alt=\"\" class=\"wp-image-13010\" srcset=\"https:\/\/i0.wp.com\/munigoicoechea.go.cr\/inicio\/wp-content\/uploads\/2025\/01\/chile-i.webp?resize=1024%2C727&amp;ssl=1 1024w, https:\/\/i0.wp.com\/munigoicoechea.go.cr\/inicio\/wp-content\/uploads\/2025\/01\/chile-i.webp?resize=300%2C213&amp;ssl=1 300w, https:\/\/i0.wp.com\/munigoicoechea.go.cr\/inicio\/wp-content\/uploads\/2025\/01\/chile-i.webp?resize=768%2C545&amp;ssl=1 768w, https:\/\/i0.wp.com\/munigoicoechea.go.cr\/inicio\/wp-content\/uploads\/2025\/01\/chile-i.webp?w=1202&amp;ssl=1 1202w\" sizes=\"(max-width: 800px) 100vw, 800px\" \/><\/figure>\n\n\n\n<p>En ese mes se conmemora el D\u00eda Internacional de la Mujer (cada 8 de marzo).&nbsp;<\/p>\n\n\n\n<p>A la firma del acuerdo para la organizaci\u00f3n del evento acudieron la ministra de la Condici\u00f3n de la Mujer, Cindy Quesada Hern\u00e1ndez; la embajadora de Chile en Costa Rica, Margarita Portuguez Gonz\u00e1lez, y el alcalde de Goicoechea, Fernando Chavarr\u00eda Quir\u00f3s. El acto se llev\u00f3 a cabo en la Embajada de Chile.<\/p>\n\n\n\n<p>\u201cQuienes cuidan de personas en situaci\u00f3n de discapacidad, de adultos mayores, de ni\u00f1os sacrifican su vida por el bienestar de sus familiares y tambi\u00e9n merecen ser tomadas en cuenta, apoyarlas y acompa\u00f1arlas en lo que necesiten\u201d, manifest\u00f3 Chavarr\u00eda, quien brinda todo el apoyo a esta iniciativa.<\/p>\n\n\n\n<figure class=\"wp-block-image size-large\"><img data-recalc-dims=\"1\" loading=\"lazy\" decoding=\"async\" width=\"800\" height=\"466\" src=\"https:\/\/i0.wp.com\/munigoicoechea.go.cr\/inicio\/wp-content\/uploads\/2025\/01\/chile-t.webp?resize=800%2C466&#038;ssl=1\" alt=\"\" class=\"wp-image-13012\" srcset=\"https:\/\/i0.wp.com\/munigoicoechea.go.cr\/inicio\/wp-content\/uploads\/2025\/01\/chile-t-scaled.webp?resize=1024%2C596&amp;ssl=1 1024w, https:\/\/i0.wp.com\/munigoicoechea.go.cr\/inicio\/wp-content\/uploads\/2025\/01\/chile-t-scaled.webp?resize=300%2C175&amp;ssl=1 300w, https:\/\/i0.wp.com\/munigoicoechea.go.cr\/inicio\/wp-content\/uploads\/2025\/01\/chile-t-scaled.webp?resize=768%2C447&amp;ssl=1 768w, https:\/\/i0.wp.com\/munigoicoechea.go.cr\/inicio\/wp-content\/uploads\/2025\/01\/chile-t-scaled.webp?resize=1536%2C894&amp;ssl=1 1536w, https:\/\/i0.wp.com\/munigoicoechea.go.cr\/inicio\/wp-content\/uploads\/2025\/01\/chile-t-scaled.webp?resize=2048%2C1192&amp;ssl=1 2048w, https:\/\/i0.wp.com\/munigoicoechea.go.cr\/inicio\/wp-content\/uploads\/2025\/01\/chile-t-scaled.webp?w=1600&amp;ssl=1 1600w, https:\/\/i0.wp.com\/munigoicoechea.go.cr\/inicio\/wp-content\/uploads\/2025\/01\/chile-t-scaled.webp?w=2400&amp;ssl=1 2400w\" sizes=\"(max-width: 800px) 100vw, 800px\" \/><\/figure>\n\n\n\n<p>A la actividad se convocar\u00e1n l\u00edderes y lideresas de las oficinas de g\u00e9nero de las municipalidades a nivel nacional y la coordinaci\u00f3n estar\u00e1 a cargo de la Oficina de la Mujer de Goicoechea.<\/p>\n\n\n\n<p>OFIM-Goicoechea cumplir\u00e1, en este 2025, su 29 aniversario. Valga mencionar que fue la primera Oficina de la Mujer del pa\u00eds con lo que se constituy\u00f3 un hito aquel 14 de agosto de 1996.<\/p>\n","protected":false},"excerpt":{"rendered":"<p>La Municipalidad de Goicoechea da el ejemplo al pa\u00eds y se posiciona como el primer gobierno local en voltear su mirada hacia quienes cuidan personas o familiares en situaci\u00f3n de discapacidad, adultos mayores y ni\u00f1os. Es por eso que en alianza con un socio estrat\u00e9gico como la Embajada de Chile en Costa Rica, un pa\u00eds [&hellip;]<\/p>\n","protected":false},"author":38,"featured_media":13011,"comment_status":"open","ping_status":"closed","sticky":false,"template":"","format":"standard","meta":{"_monsterinsights_skip_tracking":false,"_monsterinsights_sitenote_active":false,"_monsterinsights_sitenote_note":"","_monsterinsights_sitenote_category":0,"_jetpack_memberships_contains_paid_content":false,"_joinchat":[],"footnotes":""},"categories":[1],"tags":[],"class_list":["post-13013","post","type-post","status-publish","format-standard","has-post-thumbnail","hentry","category-sin-categoria"],"aioseo_notices":[],"yoast_head":"<!-- This site is optimized with the Yoast SEO plugin v27.1.1 - https:\/\/yoast.com\/product\/yoast-seo-wordpress\/ -->\n<title>Municipalidad de Goicoechea y Embajada de Chile lideran sensibilizaci\u00f3n hacia los cuidadores &#8211; Municipalidad de Goicoechea<\/title>\n<meta name=\"robots\" content=\"index, follow, max-snippet:-1, max-image-preview:large, max-video-preview:-1\" \/>\n<link rel=\"canonical\" href=\"https:\/\/munigoicoechea.go.cr\/inicio\/2025\/01\/28\/municipalidad-de-goicoechea-y-embajada-de-chile-lideran-sensibilizacion-hacia-los-cuidadores\/\" \/>\n<meta property=\"og:locale\" content=\"es_ES\" \/>\n<meta property=\"og:type\" content=\"article\" \/>\n<meta property=\"og:title\" content=\"Municipalidad de Goicoechea y Embajada de Chile lideran sensibilizaci\u00f3n hacia los cuidadores &#8211; Municipalidad de Goicoechea\" \/>\n<meta property=\"og:description\" content=\"La Municipalidad de Goicoechea da el ejemplo al pa\u00eds y se posiciona como el primer gobierno local en voltear su mirada hacia quienes cuidan personas o familiares en situaci\u00f3n de discapacidad, adultos mayores y ni\u00f1os. Es por eso que en alianza con un socio estrat\u00e9gico como la Embajada de Chile en Costa Rica, un pa\u00eds [&hellip;]\" \/>\n<meta property=\"og:url\" content=\"https:\/\/munigoicoechea.go.cr\/inicio\/2025\/01\/28\/municipalidad-de-goicoechea-y-embajada-de-chile-lideran-sensibilizacion-hacia-los-cuidadores\/\" \/>\n<meta property=\"og:site_name\" content=\"Municipalidad de Goicoechea\" \/>\n<meta property=\"article:publisher\" content=\"https:\/\/www.facebook.com\/munigoicooficial\/\" \/>\n<meta property=\"article:published_time\" content=\"2025-01-28T16:37:39+00:00\" \/>\n<meta property=\"article:modified_time\" content=\"2025-01-28T16:37:44+00:00\" \/>\n<meta property=\"og:image\" content=\"https:\/\/munigoicoechea.go.cr\/inicio\/wp-content\/uploads\/2025\/01\/chile-portada.webp\" \/>\n\t<meta property=\"og:image:width\" content=\"1560\" \/>\n\t<meta property=\"og:image:height\" content=\"960\" \/>\n\t<meta property=\"og:image:type\" content=\"image\/webp\" \/>\n<meta name=\"author\" content=\"Roberto Acosta\" \/>\n<meta name=\"twitter:card\" content=\"summary_large_image\" \/>\n<meta name=\"twitter:label1\" content=\"Escrito por\" \/>\n\t<meta name=\"twitter:data1\" content=\"Roberto Acosta\" \/>\n\t<meta name=\"twitter:label2\" content=\"Tiempo de lectura\" \/>\n\t<meta name=\"twitter:data2\" content=\"2 minutos\" \/>\n<script type=\"application\/ld+json\" class=\"yoast-schema-graph\">{\"@context\":\"https:\/\/schema.org\",\"@graph\":[{\"@type\":\"Article\",\"@id\":\"https:\/\/munigoicoechea.go.cr\/inicio\/2025\/01\/28\/municipalidad-de-goicoechea-y-embajada-de-chile-lideran-sensibilizacion-hacia-los-cuidadores\/#article\",\"isPartOf\":{\"@id\":\"https:\/\/munigoicoechea.go.cr\/inicio\/2025\/01\/28\/municipalidad-de-goicoechea-y-embajada-de-chile-lideran-sensibilizacion-hacia-los-cuidadores\/\"},\"author\":{\"name\":\"Roberto Acosta\",\"@id\":\"https:\/\/munigoicoechea.go.cr\/inicio\/#\/schema\/person\/981fe0634f80a7634743a82c88a0c66a\"},\"headline\":\"Municipalidad de Goicoechea y Embajada de Chile lideran sensibilizaci\u00f3n hacia los cuidadores\",\"datePublished\":\"2025-01-28T16:37:39+00:00\",\"dateModified\":\"2025-01-28T16:37:44+00:00\",\"mainEntityOfPage\":{\"@id\":\"https:\/\/munigoicoechea.go.cr\/inicio\/2025\/01\/28\/municipalidad-de-goicoechea-y-embajada-de-chile-lideran-sensibilizacion-hacia-los-cuidadores\/\"},\"wordCount\":418,\"commentCount\":3,\"publisher\":{\"@id\":\"https:\/\/munigoicoechea.go.cr\/inicio\/#organization\"},\"image\":{\"@id\":\"https:\/\/munigoicoechea.go.cr\/inicio\/2025\/01\/28\/municipalidad-de-goicoechea-y-embajada-de-chile-lideran-sensibilizacion-hacia-los-cuidadores\/#primaryimage\"},\"thumbnailUrl\":\"https:\/\/i0.wp.com\/munigoicoechea.go.cr\/inicio\/wp-content\/uploads\/2025\/01\/chile-portada.webp?fit=1560%2C960&ssl=1\",\"inLanguage\":\"es\",\"potentialAction\":[{\"@type\":\"CommentAction\",\"name\":\"Comment\",\"target\":[\"https:\/\/munigoicoechea.go.cr\/inicio\/2025\/01\/28\/municipalidad-de-goicoechea-y-embajada-de-chile-lideran-sensibilizacion-hacia-los-cuidadores\/#respond\"]}]},{\"@type\":\"WebPage\",\"@id\":\"https:\/\/munigoicoechea.go.cr\/inicio\/2025\/01\/28\/municipalidad-de-goicoechea-y-embajada-de-chile-lideran-sensibilizacion-hacia-los-cuidadores\/\",\"url\":\"https:\/\/munigoicoechea.go.cr\/inicio\/2025\/01\/28\/municipalidad-de-goicoechea-y-embajada-de-chile-lideran-sensibilizacion-hacia-los-cuidadores\/\",\"name\":\"Municipalidad de Goicoechea y Embajada de Chile lideran sensibilizaci\u00f3n hacia los cuidadores &#8211; Municipalidad de Goicoechea\",\"isPartOf\":{\"@id\":\"https:\/\/munigoicoechea.go.cr\/inicio\/#website\"},\"primaryImageOfPage\":{\"@id\":\"https:\/\/munigoicoechea.go.cr\/inicio\/2025\/01\/28\/municipalidad-de-goicoechea-y-embajada-de-chile-lideran-sensibilizacion-hacia-los-cuidadores\/#primaryimage\"},\"image\":{\"@id\":\"https:\/\/munigoicoechea.go.cr\/inicio\/2025\/01\/28\/municipalidad-de-goicoechea-y-embajada-de-chile-lideran-sensibilizacion-hacia-los-cuidadores\/#primaryimage\"},\"thumbnailUrl\":\"https:\/\/i0.wp.com\/munigoicoechea.go.cr\/inicio\/wp-content\/uploads\/2025\/01\/chile-portada.webp?fit=1560%2C960&ssl=1\",\"datePublished\":\"2025-01-28T16:37:39+00:00\",\"dateModified\":\"2025-01-28T16:37:44+00:00\",\"breadcrumb\":{\"@id\":\"https:\/\/munigoicoechea.go.cr\/inicio\/2025\/01\/28\/municipalidad-de-goicoechea-y-embajada-de-chile-lideran-sensibilizacion-hacia-los-cuidadores\/#breadcrumb\"},\"inLanguage\":\"es\",\"potentialAction\":[{\"@type\":\"ReadAction\",\"target\":[\"https:\/\/munigoicoechea.go.cr\/inicio\/2025\/01\/28\/municipalidad-de-goicoechea-y-embajada-de-chile-lideran-sensibilizacion-hacia-los-cuidadores\/\"]}]},{\"@type\":\"ImageObject\",\"inLanguage\":\"es\",\"@id\":\"https:\/\/munigoicoechea.go.cr\/inicio\/2025\/01\/28\/municipalidad-de-goicoechea-y-embajada-de-chile-lideran-sensibilizacion-hacia-los-cuidadores\/#primaryimage\",\"url\":\"https:\/\/i0.wp.com\/munigoicoechea.go.cr\/inicio\/wp-content\/uploads\/2025\/01\/chile-portada.webp?fit=1560%2C960&ssl=1\",\"contentUrl\":\"https:\/\/i0.wp.com\/munigoicoechea.go.cr\/inicio\/wp-content\/uploads\/2025\/01\/chile-portada.webp?fit=1560%2C960&ssl=1\",\"width\":1560,\"height\":960,\"caption\":\"La ministra de la Condici\u00f3n de la Mujer, Cindy Quesada Hern\u00e1ndez; la embajadora de Chile en Costa Rica, Margarita Portuguez Gonz\u00e1lez, y el alcalde de Goicoechea, Fernando Chavarr\u00eda Quir\u00f3s, suscribieron el acuerdo para organizar el seminario internacional Chile-Costa Rica: Fortalecimiento de la Pol\u00edtica Nacional de Cuidados a trav\u00e9s de la experiencia comparada.\"},{\"@type\":\"BreadcrumbList\",\"@id\":\"https:\/\/munigoicoechea.go.cr\/inicio\/2025\/01\/28\/municipalidad-de-goicoechea-y-embajada-de-chile-lideran-sensibilizacion-hacia-los-cuidadores\/#breadcrumb\",\"itemListElement\":[{\"@type\":\"ListItem\",\"position\":1,\"name\":\"Portada\",\"item\":\"https:\/\/munigoicoechea.go.cr\/inicio\/\"},{\"@type\":\"ListItem\",\"position\":2,\"name\":\"Municipalidad de Goicoechea y Embajada de Chile lideran sensibilizaci\u00f3n hacia los cuidadores\"}]},{\"@type\":\"WebSite\",\"@id\":\"https:\/\/munigoicoechea.go.cr\/inicio\/#website\",\"url\":\"https:\/\/munigoicoechea.go.cr\/inicio\/\",\"name\":\"Municipalidad de Goicoechea\",\"description\":\"\u00a1Hacemos que las cosas sucedan!\",\"publisher\":{\"@id\":\"https:\/\/munigoicoechea.go.cr\/inicio\/#organization\"},\"potentialAction\":[{\"@type\":\"SearchAction\",\"target\":{\"@type\":\"EntryPoint\",\"urlTemplate\":\"https:\/\/munigoicoechea.go.cr\/inicio\/?s={search_term_string}\"},\"query-input\":{\"@type\":\"PropertyValueSpecification\",\"valueRequired\":true,\"valueName\":\"search_term_string\"}}],\"inLanguage\":\"es\"},{\"@type\":\"Organization\",\"@id\":\"https:\/\/munigoicoechea.go.cr\/inicio\/#organization\",\"name\":\"Municipalidad de Goicoechea\",\"url\":\"https:\/\/munigoicoechea.go.cr\/inicio\/\",\"logo\":{\"@type\":\"ImageObject\",\"inLanguage\":\"es\",\"@id\":\"https:\/\/munigoicoechea.go.cr\/inicio\/#\/schema\/logo\/image\/\",\"url\":\"https:\/\/i0.wp.com\/munigoicoechea.go.cr\/inicio\/wp-content\/uploads\/2021\/09\/cropped-cropped-Logo_Oficial-300x290-1.png?fit=512%2C512&ssl=1\",\"contentUrl\":\"https:\/\/i0.wp.com\/munigoicoechea.go.cr\/inicio\/wp-content\/uploads\/2021\/09\/cropped-cropped-Logo_Oficial-300x290-1.png?fit=512%2C512&ssl=1\",\"width\":512,\"height\":512,\"caption\":\"Municipalidad de Goicoechea\"},\"image\":{\"@id\":\"https:\/\/munigoicoechea.go.cr\/inicio\/#\/schema\/logo\/image\/\"},\"sameAs\":[\"https:\/\/www.facebook.com\/munigoicooficial\/\",\"https:\/\/www.youtube.com\/channel\/UCdAVgrbooTmXJlBeYMusKiA?reload=9\"]},{\"@type\":\"Person\",\"@id\":\"https:\/\/munigoicoechea.go.cr\/inicio\/#\/schema\/person\/981fe0634f80a7634743a82c88a0c66a\",\"name\":\"Roberto Acosta\",\"image\":{\"@type\":\"ImageObject\",\"inLanguage\":\"es\",\"@id\":\"https:\/\/munigoicoechea.go.cr\/inicio\/#\/schema\/person\/image\/\",\"url\":\"https:\/\/secure.gravatar.com\/avatar\/25356dec1ccdc82bd3082018eb132ac434c8b0ca5179bdc5d88de5fdb4b7b3cd?s=96&d=mm&r=g\",\"contentUrl\":\"https:\/\/secure.gravatar.com\/avatar\/25356dec1ccdc82bd3082018eb132ac434c8b0ca5179bdc5d88de5fdb4b7b3cd?s=96&d=mm&r=g\",\"caption\":\"Roberto Acosta\"},\"url\":\"https:\/\/munigoicoechea.go.cr\/inicio\/author\/roberto-acosta\/\"}]}<\/script>\n<!-- \/ Yoast SEO plugin. -->","yoast_head_json":{"title":"Municipalidad de Goicoechea y Embajada de Chile lideran sensibilizaci\u00f3n hacia los cuidadores &#8211; Municipalidad de Goicoechea","robots":{"index":"index","follow":"follow","max-snippet":"max-snippet:-1","max-image-preview":"max-image-preview:large","max-video-preview":"max-video-preview:-1"},"canonical":"https:\/\/munigoicoechea.go.cr\/inicio\/2025\/01\/28\/municipalidad-de-goicoechea-y-embajada-de-chile-lideran-sensibilizacion-hacia-los-cuidadores\/","og_locale":"es_ES","og_type":"article","og_title":"Municipalidad de Goicoechea y Embajada de Chile lideran sensibilizaci\u00f3n hacia los cuidadores &#8211; Municipalidad de Goicoechea","og_description":"La Municipalidad de Goicoechea da el ejemplo al pa\u00eds y se posiciona como el primer gobierno local en voltear su mirada hacia quienes cuidan personas o familiares en situaci\u00f3n de discapacidad, adultos mayores y ni\u00f1os. Es por eso que en alianza con un socio estrat\u00e9gico como la Embajada de Chile en Costa Rica, un pa\u00eds [&hellip;]","og_url":"https:\/\/munigoicoechea.go.cr\/inicio\/2025\/01\/28\/municipalidad-de-goicoechea-y-embajada-de-chile-lideran-sensibilizacion-hacia-los-cuidadores\/","og_site_name":"Municipalidad de Goicoechea","article_publisher":"https:\/\/www.facebook.com\/munigoicooficial\/","article_published_time":"2025-01-28T16:37:39+00:00","article_modified_time":"2025-01-28T16:37:44+00:00","og_image":[{"width":1560,"height":960,"url":"https:\/\/munigoicoechea.go.cr\/inicio\/wp-content\/uploads\/2025\/01\/chile-portada.webp","type":"image\/webp"}],"author":"Roberto Acosta","twitter_card":"summary_large_image","twitter_misc":{"Escrito por":"Roberto Acosta","Tiempo de lectura":"2 minutos"},"schema":{"@context":"https:\/\/schema.org","@graph":[{"@type":"Article","@id":"https:\/\/munigoicoechea.go.cr\/inicio\/2025\/01\/28\/municipalidad-de-goicoechea-y-embajada-de-chile-lideran-sensibilizacion-hacia-los-cuidadores\/#article","isPartOf":{"@id":"https:\/\/munigoicoechea.go.cr\/inicio\/2025\/01\/28\/municipalidad-de-goicoechea-y-embajada-de-chile-lideran-sensibilizacion-hacia-los-cuidadores\/"},"author":{"name":"Roberto Acosta","@id":"https:\/\/munigoicoechea.go.cr\/inicio\/#\/schema\/person\/981fe0634f80a7634743a82c88a0c66a"},"headline":"Municipalidad de Goicoechea y Embajada de Chile lideran sensibilizaci\u00f3n hacia los cuidadores","datePublished":"2025-01-28T16:37:39+00:00","dateModified":"2025-01-28T16:37:44+00:00","mainEntityOfPage":{"@id":"https:\/\/munigoicoechea.go.cr\/inicio\/2025\/01\/28\/municipalidad-de-goicoechea-y-embajada-de-chile-lideran-sensibilizacion-hacia-los-cuidadores\/"},"wordCount":418,"commentCount":3,"publisher":{"@id":"https:\/\/munigoicoechea.go.cr\/inicio\/#organization"},"image":{"@id":"https:\/\/munigoicoechea.go.cr\/inicio\/2025\/01\/28\/municipalidad-de-goicoechea-y-embajada-de-chile-lideran-sensibilizacion-hacia-los-cuidadores\/#primaryimage"},"thumbnailUrl":"https:\/\/i0.wp.com\/munigoicoechea.go.cr\/inicio\/wp-content\/uploads\/2025\/01\/chile-portada.webp?fit=1560%2C960&ssl=1","inLanguage":"es","potentialAction":[{"@type":"CommentAction","name":"Comment","target":["https:\/\/munigoicoechea.go.cr\/inicio\/2025\/01\/28\/municipalidad-de-goicoechea-y-embajada-de-chile-lideran-sensibilizacion-hacia-los-cuidadores\/#respond"]}]},{"@type":"WebPage","@id":"https:\/\/munigoicoechea.go.cr\/inicio\/2025\/01\/28\/municipalidad-de-goicoechea-y-embajada-de-chile-lideran-sensibilizacion-hacia-los-cuidadores\/","url":"https:\/\/munigoicoechea.go.cr\/inicio\/2025\/01\/28\/municipalidad-de-goicoechea-y-embajada-de-chile-lideran-sensibilizacion-hacia-los-cuidadores\/","name":"Municipalidad de Goicoechea y Embajada de Chile lideran sensibilizaci\u00f3n hacia los cuidadores &#8211; Municipalidad de Goicoechea","isPartOf":{"@id":"https:\/\/munigoicoechea.go.cr\/inicio\/#website"},"primaryImageOfPage":{"@id":"https:\/\/munigoicoechea.go.cr\/inicio\/2025\/01\/28\/municipalidad-de-goicoechea-y-embajada-de-chile-lideran-sensibilizacion-hacia-los-cuidadores\/#primaryimage"},"image":{"@id":"https:\/\/munigoicoechea.go.cr\/inicio\/2025\/01\/28\/municipalidad-de-goicoechea-y-embajada-de-chile-lideran-sensibilizacion-hacia-los-cuidadores\/#primaryimage"},"thumbnailUrl":"https:\/\/i0.wp.com\/munigoicoechea.go.cr\/inicio\/wp-content\/uploads\/2025\/01\/chile-portada.webp?fit=1560%2C960&ssl=1","datePublished":"2025-01-28T16:37:39+00:00","dateModified":"2025-01-28T16:37:44+00:00","breadcrumb":{"@id":"https:\/\/munigoicoechea.go.cr\/inicio\/2025\/01\/28\/municipalidad-de-goicoechea-y-embajada-de-chile-lideran-sensibilizacion-hacia-los-cuidadores\/#breadcrumb"},"inLanguage":"es","potentialAction":[{"@type":"ReadAction","target":["https:\/\/munigoicoechea.go.cr\/inicio\/2025\/01\/28\/municipalidad-de-goicoechea-y-embajada-de-chile-lideran-sensibilizacion-hacia-los-cuidadores\/"]}]},{"@type":"ImageObject","inLanguage":"es","@id":"https:\/\/munigoicoechea.go.cr\/inicio\/2025\/01\/28\/municipalidad-de-goicoechea-y-embajada-de-chile-lideran-sensibilizacion-hacia-los-cuidadores\/#primaryimage","url":"https:\/\/i0.wp.com\/munigoicoechea.go.cr\/inicio\/wp-content\/uploads\/2025\/01\/chile-portada.webp?fit=1560%2C960&ssl=1","contentUrl":"https:\/\/i0.wp.com\/munigoicoechea.go.cr\/inicio\/wp-content\/uploads\/2025\/01\/chile-portada.webp?fit=1560%2C960&ssl=1","width":1560,"height":960,"caption":"La ministra de la Condici\u00f3n de la Mujer, Cindy Quesada Hern\u00e1ndez; la embajadora de Chile en Costa Rica, Margarita Portuguez Gonz\u00e1lez, y el alcalde de Goicoechea, Fernando Chavarr\u00eda Quir\u00f3s, suscribieron el acuerdo para organizar el seminario internacional Chile-Costa Rica: Fortalecimiento de la Pol\u00edtica Nacional de Cuidados a trav\u00e9s de la experiencia comparada."},{"@type":"BreadcrumbList","@id":"https:\/\/munigoicoechea.go.cr\/inicio\/2025\/01\/28\/municipalidad-de-goicoechea-y-embajada-de-chile-lideran-sensibilizacion-hacia-los-cuidadores\/#breadcrumb","itemListElement":[{"@type":"ListItem","position":1,"name":"Portada","item":"https:\/\/munigoicoechea.go.cr\/inicio\/"},{"@type":"ListItem","position":2,"name":"Municipalidad de Goicoechea y Embajada de Chile lideran sensibilizaci\u00f3n hacia los cuidadores"}]},{"@type":"WebSite","@id":"https:\/\/munigoicoechea.go.cr\/inicio\/#website","url":"https:\/\/munigoicoechea.go.cr\/inicio\/","name":"Municipalidad de Goicoechea","description":"\u00a1Hacemos que las cosas sucedan!","publisher":{"@id":"https:\/\/munigoicoechea.go.cr\/inicio\/#organization"},"potentialAction":[{"@type":"SearchAction","target":{"@type":"EntryPoint","urlTemplate":"https:\/\/munigoicoechea.go.cr\/inicio\/?s={search_term_string}"},"query-input":{"@type":"PropertyValueSpecification","valueRequired":true,"valueName":"search_term_string"}}],"inLanguage":"es"},{"@type":"Organization","@id":"https:\/\/munigoicoechea.go.cr\/inicio\/#organization","name":"Municipalidad de Goicoechea","url":"https:\/\/munigoicoechea.go.cr\/inicio\/","logo":{"@type":"ImageObject","inLanguage":"es","@id":"https:\/\/munigoicoechea.go.cr\/inicio\/#\/schema\/logo\/image\/","url":"https:\/\/i0.wp.com\/munigoicoechea.go.cr\/inicio\/wp-content\/uploads\/2021\/09\/cropped-cropped-Logo_Oficial-300x290-1.png?fit=512%2C512&ssl=1","contentUrl":"https:\/\/i0.wp.com\/munigoicoechea.go.cr\/inicio\/wp-content\/uploads\/2021\/09\/cropped-cropped-Logo_Oficial-300x290-1.png?fit=512%2C512&ssl=1","width":512,"height":512,"caption":"Municipalidad de Goicoechea"},"image":{"@id":"https:\/\/munigoicoechea.go.cr\/inicio\/#\/schema\/logo\/image\/"},"sameAs":["https:\/\/www.facebook.com\/munigoicooficial\/","https:\/\/www.youtube.com\/channel\/UCdAVgrbooTmXJlBeYMusKiA?reload=9"]},{"@type":"Person","@id":"https:\/\/munigoicoechea.go.cr\/inicio\/#\/schema\/person\/981fe0634f80a7634743a82c88a0c66a","name":"Roberto Acosta","image":{"@type":"ImageObject","inLanguage":"es","@id":"https:\/\/munigoicoechea.go.cr\/inicio\/#\/schema\/person\/image\/","url":"https:\/\/secure.gravatar.com\/avatar\/25356dec1ccdc82bd3082018eb132ac434c8b0ca5179bdc5d88de5fdb4b7b3cd?s=96&d=mm&r=g","contentUrl":"https:\/\/secure.gravatar.com\/avatar\/25356dec1ccdc82bd3082018eb132ac434c8b0ca5179bdc5d88de5fdb4b7b3cd?s=96&d=mm&r=g","caption":"Roberto Acosta"},"url":"https:\/\/munigoicoechea.go.cr\/inicio\/author\/roberto-acosta\/"}]}},"jetpack_featured_media_url":"https:\/\/i0.wp.com\/munigoicoechea.go.cr\/inicio\/wp-content\/uploads\/2025\/01\/chile-portada.webp?fit=1560%2C960&ssl=1","jetpack_sharing_enabled":true,"_links":{"self":[{"href":"https:\/\/munigoicoechea.go.cr\/inicio\/wp-json\/wp\/v2\/posts\/13013","targetHints":{"allow":["GET"]}}],"collection":[{"href":"https:\/\/munigoicoechea.go.cr\/inicio\/wp-json\/wp\/v2\/posts"}],"about":[{"href":"https:\/\/munigoicoechea.go.cr\/inicio\/wp-json\/wp\/v2\/types\/post"}],"author":[{"embeddable":true,"href":"https:\/\/munigoicoechea.go.cr\/inicio\/wp-json\/wp\/v2\/users\/38"}],"replies":[{"embeddable":true,"href":"https:\/\/munigoicoechea.go.cr\/inicio\/wp-json\/wp\/v2\/comments?post=13013"}],"version-history":[{"count":4,"href":"https:\/\/munigoicoechea.go.cr\/inicio\/wp-json\/wp\/v2\/posts\/13013\/revisions"}],"predecessor-version":[{"id":13017,"href":"https:\/\/munigoicoechea.go.cr\/inicio\/wp-json\/wp\/v2\/posts\/13013\/revisions\/13017"}],"wp:featuredmedia":[{"embeddable":true,"href":"https:\/\/munigoicoechea.go.cr\/inicio\/wp-json\/wp\/v2\/media\/13011"}],"wp:attachment":[{"href":"https:\/\/munigoicoechea.go.cr\/inicio\/wp-json\/wp\/v2\/media?parent=13013"}],"wp:term":[{"taxonomy":"category","embeddable":true,"href":"https:\/\/munigoicoechea.go.cr\/inicio\/wp-json\/wp\/v2\/categories?post=13013"},{"taxonomy":"post_tag","embeddable":true,"href":"https:\/\/munigoicoechea.go.cr\/inicio\/wp-json\/wp\/v2\/tags?post=13013"}],"curies":[{"name":"wp","href":"https:\/\/api.w.org\/{rel}","templated":true}]}}