{"id":13059,"date":"2025-04-02T20:02:10","date_gmt":"2025-04-02T20:02:10","guid":{"rendered":"https:\/\/munigoicoechea.go.cr\/inicio\/?p=13059"},"modified":"2025-04-21T17:40:32","modified_gmt":"2025-04-21T17:40:32","slug":"goicoechea-impulsa-una-red-de-responsabilidad-social-empresarial-para-el-desarrollo-local","status":"publish","type":"post","link":"https:\/\/munigoicoechea.go.cr\/inicio\/2025\/04\/02\/goicoechea-impulsa-una-red-de-responsabilidad-social-empresarial-para-el-desarrollo-local\/","title":{"rendered":"Goicoechea impulsa una red de responsabilidad social empresarial para el desarrollo local"},"content":{"rendered":"\n<figure class=\"wp-block-image size-large\"><img data-recalc-dims=\"1\" fetchpriority=\"high\" decoding=\"async\" width=\"800\" height=\"492\" src=\"https:\/\/i0.wp.com\/munigoicoechea.go.cr\/inicio\/wp-content\/uploads\/2025\/04\/redrsegoico-portada.webp?resize=800%2C492&#038;ssl=1\" alt=\"\" class=\"wp-image-13058\" srcset=\"https:\/\/i0.wp.com\/munigoicoechea.go.cr\/inicio\/wp-content\/uploads\/2025\/04\/redrsegoico-portada.webp?resize=1024%2C630&amp;ssl=1 1024w, https:\/\/i0.wp.com\/munigoicoechea.go.cr\/inicio\/wp-content\/uploads\/2025\/04\/redrsegoico-portada.webp?resize=300%2C185&amp;ssl=1 300w, https:\/\/i0.wp.com\/munigoicoechea.go.cr\/inicio\/wp-content\/uploads\/2025\/04\/redrsegoico-portada.webp?resize=768%2C473&amp;ssl=1 768w, https:\/\/i0.wp.com\/munigoicoechea.go.cr\/inicio\/wp-content\/uploads\/2025\/04\/redrsegoico-portada.webp?resize=1536%2C945&amp;ssl=1 1536w, https:\/\/i0.wp.com\/munigoicoechea.go.cr\/inicio\/wp-content\/uploads\/2025\/04\/redrsegoico-portada.webp?w=1560&amp;ssl=1 1560w\" sizes=\"(max-width: 800px) 100vw, 800px\" \/><\/figure>\n\n\n\n<p>Goicoechea avanza en la consolidaci\u00f3n de un modelo de articulaci\u00f3n p\u00fablico-privada con la creaci\u00f3n de la red de responsabilidad social empresarial <strong>(RED RSE GOICO) <\/strong>del cant\u00f3n, una iniciativa de la Municipalidad, que busca fomentar la participaci\u00f3n activa de las empresas en el desarrollo comunitario, en l\u00ednea con el Plan de Desarrollo Cantonal y los Objetivos de Desarrollo Sostenible (ODS) de la Agenda 2030.<\/p>\n\n\n\n<p>El lanzamiento de la <strong>RED RSE GOICO<\/strong> cont\u00f3 con la participaci\u00f3n de empresas de renombre nacional e internacional, que se han sumado a esta propuesta con el compromiso de aportar desde sus respectivas \u00e1reas de influencia.<\/p>\n\n\n\n<p>Entre ellas,<strong> Banco Prom\u00e9rica, Gensler, Femsa Coca-Cola, <\/strong>por mencionar algunas que destacaron su disposici\u00f3n a formar parte del esfuerzo conjunto para generar un impacto positivo en la comunidad.<\/p>\n\n\n\n<p>El encuentro se llev\u00f3 a cabo en el hotel Radisson, en el distrito de San Francisco, este mi\u00e9rcoles 2 de abril del 2025, y se espera que la pr\u00f3xima reuni\u00f3n se d\u00e9 el 7 de mayo del 2025.<\/p>\n\n\n\n<p>Juliana Alp\u00edzar, coordinadora de Inversi\u00f3n Social de Banco Prom\u00e9rica, enfatiz\u00f3 la importancia de este proyecto: <em><strong>\u201cEl objetivo principal es unir esfuerzos para trabajar en conjunto atendiendo las necesidades de la comunidad y contribuyendo desde nuestras capacidades empresariales\u201d.<\/strong><\/em><\/p>\n\n\n\n<p>Por su parte, Mariela Villalobos, de Gensler, resalt\u00f3 la trayectoria de la Municipalidad de Escaz\u00fa en este \u00e1mbito y c\u00f3mo Goicoechea est\u00e1 siguiendo una ruta similar para consolidar un modelo exitoso de responsabilidad social local.<\/p>\n\n\n\n<figure class=\"wp-block-image size-large\"><img data-recalc-dims=\"1\" decoding=\"async\" width=\"800\" height=\"434\" src=\"https:\/\/i0.wp.com\/munigoicoechea.go.cr\/inicio\/wp-content\/uploads\/2025\/04\/rseo.jpg?resize=800%2C434&#038;ssl=1\" alt=\"\" class=\"wp-image-13054\" srcset=\"https:\/\/i0.wp.com\/munigoicoechea.go.cr\/inicio\/wp-content\/uploads\/2025\/04\/rseo-scaled.jpg?resize=1024%2C555&amp;ssl=1 1024w, https:\/\/i0.wp.com\/munigoicoechea.go.cr\/inicio\/wp-content\/uploads\/2025\/04\/rseo-scaled.jpg?resize=300%2C163&amp;ssl=1 300w, https:\/\/i0.wp.com\/munigoicoechea.go.cr\/inicio\/wp-content\/uploads\/2025\/04\/rseo-scaled.jpg?resize=768%2C416&amp;ssl=1 768w, https:\/\/i0.wp.com\/munigoicoechea.go.cr\/inicio\/wp-content\/uploads\/2025\/04\/rseo-scaled.jpg?resize=1536%2C833&amp;ssl=1 1536w, https:\/\/i0.wp.com\/munigoicoechea.go.cr\/inicio\/wp-content\/uploads\/2025\/04\/rseo-scaled.jpg?resize=2048%2C1110&amp;ssl=1 2048w, https:\/\/i0.wp.com\/munigoicoechea.go.cr\/inicio\/wp-content\/uploads\/2025\/04\/rseo-scaled.jpg?w=1600&amp;ssl=1 1600w, https:\/\/i0.wp.com\/munigoicoechea.go.cr\/inicio\/wp-content\/uploads\/2025\/04\/rseo-scaled.jpg?w=2400&amp;ssl=1 2400w\" sizes=\"(max-width: 800px) 100vw, 800px\" \/><\/figure>\n\n\n\n<p>El alcalde de Goicoechea, Lic. Fernando Chavarr\u00eda Quir\u00f3s, subray\u00f3 la relevancia de la iniciativa en un contexto donde los esfuerzos municipales por s\u00ed solos son insuficientes para abordar los desaf\u00edos del cant\u00f3n: <em><strong>\u201cYa no damos abasto \u00fanicamente con la mano de obra municipal. La conciencia colectiva debe fortalecerse y esta red es el camino para lograrlo\u201d,<\/strong><\/em> afirm\u00f3.<\/p>\n\n\n\n<p>La propuesta de la <strong>RED RSE GOICO<\/strong> se estructura en torno a diversos ejes estrat\u00e9gicos que abarcan sostenibilidad, educaci\u00f3n, equidad e inclusi\u00f3n social, recuperaci\u00f3n de espacios p\u00fablicos y fortalecimiento del tejido empresarial local.<\/p>\n\n\n\n<figure class=\"wp-block-image size-large\"><img data-recalc-dims=\"1\" decoding=\"async\" width=\"800\" height=\"538\" src=\"https:\/\/i0.wp.com\/munigoicoechea.go.cr\/inicio\/wp-content\/uploads\/2025\/04\/rsen.jpg?resize=800%2C538&#038;ssl=1\" alt=\"\" class=\"wp-image-13053\" srcset=\"https:\/\/i0.wp.com\/munigoicoechea.go.cr\/inicio\/wp-content\/uploads\/2025\/04\/rsen-scaled.jpg?resize=1024%2C688&amp;ssl=1 1024w, https:\/\/i0.wp.com\/munigoicoechea.go.cr\/inicio\/wp-content\/uploads\/2025\/04\/rsen-scaled.jpg?resize=300%2C202&amp;ssl=1 300w, https:\/\/i0.wp.com\/munigoicoechea.go.cr\/inicio\/wp-content\/uploads\/2025\/04\/rsen-scaled.jpg?resize=768%2C516&amp;ssl=1 768w, https:\/\/i0.wp.com\/munigoicoechea.go.cr\/inicio\/wp-content\/uploads\/2025\/04\/rsen-scaled.jpg?resize=1536%2C1032&amp;ssl=1 1536w, https:\/\/i0.wp.com\/munigoicoechea.go.cr\/inicio\/wp-content\/uploads\/2025\/04\/rsen-scaled.jpg?resize=2048%2C1376&amp;ssl=1 2048w, https:\/\/i0.wp.com\/munigoicoechea.go.cr\/inicio\/wp-content\/uploads\/2025\/04\/rsen-scaled.jpg?w=1600&amp;ssl=1 1600w, https:\/\/i0.wp.com\/munigoicoechea.go.cr\/inicio\/wp-content\/uploads\/2025\/04\/rsen-scaled.jpg?w=2400&amp;ssl=1 2400w\" sizes=\"(max-width: 800px) 100vw, 800px\" \/><\/figure>\n\n\n\n<p>Luis Hidalgo, director de Desarrollo Humano de la Municipalidad de Goicoechea, destac\u00f3 la alineaci\u00f3n de estos esfuerzos con los ODS, particularmente con el ODS 17, que promueve las alianzas estrat\u00e9gicas como herramienta clave para el desarrollo.<\/p>\n\n\n\n<p>Adem\u00e1s de contribuir con el bienestar de la comunidad, la red busca convertirse en un espacio de intercambio y crecimiento empresarial.<\/p>\n\n\n\n<p>Villalobos se\u00f1al\u00f3 que este ser\u00e1 un escenario ideal para el networking entre empresas que deseen potenciar sus estrategias de sostenibilidad, aprender de experiencias exitosas y consolidar alianzas con impacto social positivo.<\/p>\n\n\n\n<figure class=\"wp-block-gallery has-nested-images columns-default is-cropped wp-block-gallery-1 is-layout-flex wp-block-gallery-is-layout-flex\">\n<figure class=\"wp-block-image size-large\"><img data-recalc-dims=\"1\" loading=\"lazy\" decoding=\"async\" width=\"800\" height=\"524\" data-id=\"13051\" src=\"https:\/\/i0.wp.com\/munigoicoechea.go.cr\/inicio\/wp-content\/uploads\/2025\/04\/rsed.jpg?resize=800%2C524&#038;ssl=1\" alt=\"\" class=\"wp-image-13051\" srcset=\"https:\/\/i0.wp.com\/munigoicoechea.go.cr\/inicio\/wp-content\/uploads\/2025\/04\/rsed-scaled.jpg?resize=1024%2C671&amp;ssl=1 1024w, https:\/\/i0.wp.com\/munigoicoechea.go.cr\/inicio\/wp-content\/uploads\/2025\/04\/rsed-scaled.jpg?resize=300%2C197&amp;ssl=1 300w, https:\/\/i0.wp.com\/munigoicoechea.go.cr\/inicio\/wp-content\/uploads\/2025\/04\/rsed-scaled.jpg?resize=768%2C503&amp;ssl=1 768w, https:\/\/i0.wp.com\/munigoicoechea.go.cr\/inicio\/wp-content\/uploads\/2025\/04\/rsed-scaled.jpg?resize=1536%2C1007&amp;ssl=1 1536w, https:\/\/i0.wp.com\/munigoicoechea.go.cr\/inicio\/wp-content\/uploads\/2025\/04\/rsed-scaled.jpg?resize=2048%2C1342&amp;ssl=1 2048w, https:\/\/i0.wp.com\/munigoicoechea.go.cr\/inicio\/wp-content\/uploads\/2025\/04\/rsed-scaled.jpg?w=1600&amp;ssl=1 1600w, https:\/\/i0.wp.com\/munigoicoechea.go.cr\/inicio\/wp-content\/uploads\/2025\/04\/rsed-scaled.jpg?w=2400&amp;ssl=1 2400w\" sizes=\"(max-width: 800px) 100vw, 800px\" \/><\/figure>\n\n\n\n<figure class=\"wp-block-image size-large\"><img data-recalc-dims=\"1\" loading=\"lazy\" decoding=\"async\" width=\"800\" height=\"441\" data-id=\"13052\" src=\"https:\/\/i0.wp.com\/munigoicoechea.go.cr\/inicio\/wp-content\/uploads\/2025\/04\/rsef.jpg?resize=800%2C441&#038;ssl=1\" alt=\"\" class=\"wp-image-13052\" srcset=\"https:\/\/i0.wp.com\/munigoicoechea.go.cr\/inicio\/wp-content\/uploads\/2025\/04\/rsef-scaled.jpg?resize=1024%2C564&amp;ssl=1 1024w, https:\/\/i0.wp.com\/munigoicoechea.go.cr\/inicio\/wp-content\/uploads\/2025\/04\/rsef-scaled.jpg?resize=300%2C165&amp;ssl=1 300w, https:\/\/i0.wp.com\/munigoicoechea.go.cr\/inicio\/wp-content\/uploads\/2025\/04\/rsef-scaled.jpg?resize=768%2C423&amp;ssl=1 768w, https:\/\/i0.wp.com\/munigoicoechea.go.cr\/inicio\/wp-content\/uploads\/2025\/04\/rsef-scaled.jpg?resize=1536%2C846&amp;ssl=1 1536w, https:\/\/i0.wp.com\/munigoicoechea.go.cr\/inicio\/wp-content\/uploads\/2025\/04\/rsef-scaled.jpg?resize=2048%2C1128&amp;ssl=1 2048w, https:\/\/i0.wp.com\/munigoicoechea.go.cr\/inicio\/wp-content\/uploads\/2025\/04\/rsef-scaled.jpg?w=1600&amp;ssl=1 1600w, https:\/\/i0.wp.com\/munigoicoechea.go.cr\/inicio\/wp-content\/uploads\/2025\/04\/rsef-scaled.jpg?w=2400&amp;ssl=1 2400w\" sizes=\"(max-width: 800px) 100vw, 800px\" \/><\/figure>\n\n\n\n<figure class=\"wp-block-image size-large\"><img data-recalc-dims=\"1\" loading=\"lazy\" decoding=\"async\" width=\"800\" height=\"505\" data-id=\"13050\" src=\"https:\/\/i0.wp.com\/munigoicoechea.go.cr\/inicio\/wp-content\/uploads\/2025\/04\/rsecc.jpg?resize=800%2C505&#038;ssl=1\" alt=\"\" class=\"wp-image-13050\" srcset=\"https:\/\/i0.wp.com\/munigoicoechea.go.cr\/inicio\/wp-content\/uploads\/2025\/04\/rsecc-scaled.jpg?resize=1024%2C646&amp;ssl=1 1024w, https:\/\/i0.wp.com\/munigoicoechea.go.cr\/inicio\/wp-content\/uploads\/2025\/04\/rsecc-scaled.jpg?resize=300%2C189&amp;ssl=1 300w, https:\/\/i0.wp.com\/munigoicoechea.go.cr\/inicio\/wp-content\/uploads\/2025\/04\/rsecc-scaled.jpg?resize=768%2C485&amp;ssl=1 768w, https:\/\/i0.wp.com\/munigoicoechea.go.cr\/inicio\/wp-content\/uploads\/2025\/04\/rsecc-scaled.jpg?resize=1536%2C969&amp;ssl=1 1536w, https:\/\/i0.wp.com\/munigoicoechea.go.cr\/inicio\/wp-content\/uploads\/2025\/04\/rsecc-scaled.jpg?resize=2048%2C1292&amp;ssl=1 2048w, https:\/\/i0.wp.com\/munigoicoechea.go.cr\/inicio\/wp-content\/uploads\/2025\/04\/rsecc-scaled.jpg?w=1600&amp;ssl=1 1600w, https:\/\/i0.wp.com\/munigoicoechea.go.cr\/inicio\/wp-content\/uploads\/2025\/04\/rsecc-scaled.jpg?w=2400&amp;ssl=1 2400w\" sizes=\"(max-width: 800px) 100vw, 800px\" \/><\/figure>\n<\/figure>\n\n\n\n<p>La Municipalidad de Goicoechea ha manifestado su compromiso con la consolidaci\u00f3n de este espacio de articulaci\u00f3n multisectorial, entendiendo que la inversi\u00f3n en responsabilidad social no solo es un imperativo \u00e9tico, sino una estrategia que propicia entornos m\u00e1s estables y pr\u00f3speros para la actividad empresarial y la comunidad en general.<\/p>\n\n\n\n<p>Con esta iniciativa, Goicoechea se posiciona como un gobierno local din\u00e1mico y proactivo, siguiendo el ejemplo de Escaz\u00fa en la promoci\u00f3n de modelos de responsabilidad social empresarial que contribuyan a la transformaci\u00f3n del territorio.<\/p>\n\n\n\n<figure class=\"wp-block-gallery has-nested-images columns-default is-cropped wp-block-gallery-2 is-layout-flex wp-block-gallery-is-layout-flex\">\n<figure class=\"wp-block-image size-large\"><img data-recalc-dims=\"1\" loading=\"lazy\" decoding=\"async\" width=\"800\" height=\"423\" data-id=\"13056\" src=\"https:\/\/i0.wp.com\/munigoicoechea.go.cr\/inicio\/wp-content\/uploads\/2025\/04\/rset.jpg?resize=800%2C423&#038;ssl=1\" alt=\"\" class=\"wp-image-13056\" srcset=\"https:\/\/i0.wp.com\/munigoicoechea.go.cr\/inicio\/wp-content\/uploads\/2025\/04\/rset-scaled.jpg?resize=1024%2C542&amp;ssl=1 1024w, https:\/\/i0.wp.com\/munigoicoechea.go.cr\/inicio\/wp-content\/uploads\/2025\/04\/rset-scaled.jpg?resize=300%2C159&amp;ssl=1 300w, https:\/\/i0.wp.com\/munigoicoechea.go.cr\/inicio\/wp-content\/uploads\/2025\/04\/rset-scaled.jpg?resize=768%2C407&amp;ssl=1 768w, https:\/\/i0.wp.com\/munigoicoechea.go.cr\/inicio\/wp-content\/uploads\/2025\/04\/rset-scaled.jpg?resize=1536%2C813&amp;ssl=1 1536w, https:\/\/i0.wp.com\/munigoicoechea.go.cr\/inicio\/wp-content\/uploads\/2025\/04\/rset-scaled.jpg?resize=2048%2C1084&amp;ssl=1 2048w, https:\/\/i0.wp.com\/munigoicoechea.go.cr\/inicio\/wp-content\/uploads\/2025\/04\/rset-scaled.jpg?w=1600&amp;ssl=1 1600w, https:\/\/i0.wp.com\/munigoicoechea.go.cr\/inicio\/wp-content\/uploads\/2025\/04\/rset-scaled.jpg?w=2400&amp;ssl=1 2400w\" sizes=\"(max-width: 800px) 100vw, 800px\" \/><\/figure>\n\n\n\n<figure class=\"wp-block-image size-large\"><img data-recalc-dims=\"1\" loading=\"lazy\" decoding=\"async\" width=\"800\" height=\"524\" data-id=\"13055\" src=\"https:\/\/i0.wp.com\/munigoicoechea.go.cr\/inicio\/wp-content\/uploads\/2025\/04\/rsess.jpg?resize=800%2C524&#038;ssl=1\" alt=\"\" class=\"wp-image-13055\" srcset=\"https:\/\/i0.wp.com\/munigoicoechea.go.cr\/inicio\/wp-content\/uploads\/2025\/04\/rsess-scaled.jpg?resize=1024%2C671&amp;ssl=1 1024w, https:\/\/i0.wp.com\/munigoicoechea.go.cr\/inicio\/wp-content\/uploads\/2025\/04\/rsess-scaled.jpg?resize=300%2C197&amp;ssl=1 300w, https:\/\/i0.wp.com\/munigoicoechea.go.cr\/inicio\/wp-content\/uploads\/2025\/04\/rsess-scaled.jpg?resize=768%2C503&amp;ssl=1 768w, https:\/\/i0.wp.com\/munigoicoechea.go.cr\/inicio\/wp-content\/uploads\/2025\/04\/rsess-scaled.jpg?resize=1536%2C1006&amp;ssl=1 1536w, https:\/\/i0.wp.com\/munigoicoechea.go.cr\/inicio\/wp-content\/uploads\/2025\/04\/rsess-scaled.jpg?resize=2048%2C1342&amp;ssl=1 2048w, https:\/\/i0.wp.com\/munigoicoechea.go.cr\/inicio\/wp-content\/uploads\/2025\/04\/rsess-scaled.jpg?w=1600&amp;ssl=1 1600w, https:\/\/i0.wp.com\/munigoicoechea.go.cr\/inicio\/wp-content\/uploads\/2025\/04\/rsess-scaled.jpg?w=2400&amp;ssl=1 2400w\" sizes=\"(max-width: 800px) 100vw, 800px\" \/><\/figure>\n\n\n\n<figure class=\"wp-block-image size-large\"><img data-recalc-dims=\"1\" loading=\"lazy\" decoding=\"async\" width=\"800\" height=\"495\" data-id=\"13057\" src=\"https:\/\/i0.wp.com\/munigoicoechea.go.cr\/inicio\/wp-content\/uploads\/2025\/04\/rseu.jpg?resize=800%2C495&#038;ssl=1\" alt=\"\" class=\"wp-image-13057\" srcset=\"https:\/\/i0.wp.com\/munigoicoechea.go.cr\/inicio\/wp-content\/uploads\/2025\/04\/rseu-scaled.jpg?resize=1024%2C634&amp;ssl=1 1024w, https:\/\/i0.wp.com\/munigoicoechea.go.cr\/inicio\/wp-content\/uploads\/2025\/04\/rseu-scaled.jpg?resize=300%2C186&amp;ssl=1 300w, https:\/\/i0.wp.com\/munigoicoechea.go.cr\/inicio\/wp-content\/uploads\/2025\/04\/rseu-scaled.jpg?resize=768%2C476&amp;ssl=1 768w, https:\/\/i0.wp.com\/munigoicoechea.go.cr\/inicio\/wp-content\/uploads\/2025\/04\/rseu-scaled.jpg?resize=1536%2C952&amp;ssl=1 1536w, https:\/\/i0.wp.com\/munigoicoechea.go.cr\/inicio\/wp-content\/uploads\/2025\/04\/rseu-scaled.jpg?resize=2048%2C1269&amp;ssl=1 2048w, https:\/\/i0.wp.com\/munigoicoechea.go.cr\/inicio\/wp-content\/uploads\/2025\/04\/rseu-scaled.jpg?w=1600&amp;ssl=1 1600w, https:\/\/i0.wp.com\/munigoicoechea.go.cr\/inicio\/wp-content\/uploads\/2025\/04\/rseu-scaled.jpg?w=2400&amp;ssl=1 2400w\" sizes=\"(max-width: 800px) 100vw, 800px\" \/><\/figure>\n<\/figure>\n\n\n\n<p>Se espera que con el tiempo m\u00e1s empresas se sumen a este esfuerzo, consolidando una red que impulse el bienestar de los habitantes del cant\u00f3n y fortalezca la sostenibilidad en el \u00e1mbito local.<\/p>\n\n\n\n<p>Si su empresa desea ser parte de la <strong>RED RSE GOICO, <\/strong>escanee el c\u00f3digo QR.<\/p>\n\n\n\n<figure class=\"wp-block-image aligncenter size-large is-resized\"><img data-recalc-dims=\"1\" loading=\"lazy\" decoding=\"async\" width=\"800\" height=\"800\" src=\"https:\/\/i0.wp.com\/munigoicoechea.go.cr\/inicio\/wp-content\/uploads\/2025\/04\/redrse.jpg?resize=800%2C800&#038;ssl=1\" alt=\"\" class=\"wp-image-13067\" style=\"width:324px;height:auto\" srcset=\"https:\/\/i0.wp.com\/munigoicoechea.go.cr\/inicio\/wp-content\/uploads\/2025\/04\/redrse.jpg?resize=1024%2C1024&amp;ssl=1 1024w, https:\/\/i0.wp.com\/munigoicoechea.go.cr\/inicio\/wp-content\/uploads\/2025\/04\/redrse.jpg?resize=300%2C300&amp;ssl=1 300w, https:\/\/i0.wp.com\/munigoicoechea.go.cr\/inicio\/wp-content\/uploads\/2025\/04\/redrse.jpg?resize=150%2C150&amp;ssl=1 150w, https:\/\/i0.wp.com\/munigoicoechea.go.cr\/inicio\/wp-content\/uploads\/2025\/04\/redrse.jpg?resize=768%2C768&amp;ssl=1 768w, https:\/\/i0.wp.com\/munigoicoechea.go.cr\/inicio\/wp-content\/uploads\/2025\/04\/redrse.jpg?w=1200&amp;ssl=1 1200w\" sizes=\"(max-width: 800px) 100vw, 800px\" \/><\/figure>\n\n\n\n<p><\/p>\n","protected":false},"excerpt":{"rendered":"<p>Goicoechea avanza en la consolidaci\u00f3n de un modelo de articulaci\u00f3n p\u00fablico-privada con la creaci\u00f3n de la red de responsabilidad social empresarial (RED RSE GOICO) del cant\u00f3n, una iniciativa de la Municipalidad, que busca fomentar la participaci\u00f3n activa de las empresas en el desarrollo comunitario, en l\u00ednea con el Plan de Desarrollo Cantonal y los Objetivos [&hellip;]<\/p>\n","protected":false},"author":38,"featured_media":13058,"comment_status":"open","ping_status":"closed","sticky":false,"template":"","format":"standard","meta":{"_monsterinsights_skip_tracking":false,"_monsterinsights_sitenote_active":false,"_monsterinsights_sitenote_note":"","_monsterinsights_sitenote_category":0,"_jetpack_memberships_contains_paid_content":false,"_joinchat":[],"footnotes":""},"categories":[1],"tags":[],"class_list":["post-13059","post","type-post","status-publish","format-standard","has-post-thumbnail","hentry","category-sin-categoria"],"aioseo_notices":[],"yoast_head":"<!-- This site is optimized with the Yoast SEO plugin v27.1.1 - https:\/\/yoast.com\/product\/yoast-seo-wordpress\/ -->\n<title>Goicoechea impulsa una red de responsabilidad social empresarial para el desarrollo local &#8211; Municipalidad de Goicoechea<\/title>\n<meta name=\"robots\" content=\"index, follow, max-snippet:-1, max-image-preview:large, max-video-preview:-1\" \/>\n<link rel=\"canonical\" href=\"https:\/\/munigoicoechea.go.cr\/inicio\/2025\/04\/02\/goicoechea-impulsa-una-red-de-responsabilidad-social-empresarial-para-el-desarrollo-local\/\" \/>\n<meta property=\"og:locale\" content=\"es_ES\" \/>\n<meta property=\"og:type\" content=\"article\" \/>\n<meta property=\"og:title\" content=\"Goicoechea impulsa una red de responsabilidad social empresarial para el desarrollo local &#8211; Municipalidad de Goicoechea\" \/>\n<meta property=\"og:description\" content=\"Goicoechea avanza en la consolidaci\u00f3n de un modelo de articulaci\u00f3n p\u00fablico-privada con la creaci\u00f3n de la red de responsabilidad social empresarial (RED RSE GOICO) del cant\u00f3n, una iniciativa de la Municipalidad, que busca fomentar la participaci\u00f3n activa de las empresas en el desarrollo comunitario, en l\u00ednea con el Plan de Desarrollo Cantonal y los Objetivos [&hellip;]\" \/>\n<meta property=\"og:url\" content=\"https:\/\/munigoicoechea.go.cr\/inicio\/2025\/04\/02\/goicoechea-impulsa-una-red-de-responsabilidad-social-empresarial-para-el-desarrollo-local\/\" \/>\n<meta property=\"og:site_name\" content=\"Municipalidad de Goicoechea\" \/>\n<meta property=\"article:publisher\" content=\"https:\/\/www.facebook.com\/munigoicooficial\/\" \/>\n<meta property=\"article:published_time\" content=\"2025-04-02T20:02:10+00:00\" \/>\n<meta property=\"article:modified_time\" content=\"2025-04-21T17:40:32+00:00\" \/>\n<meta property=\"og:image\" content=\"https:\/\/munigoicoechea.go.cr\/inicio\/wp-content\/uploads\/2025\/04\/redrsegoico-portada.webp\" \/>\n\t<meta property=\"og:image:width\" content=\"1560\" \/>\n\t<meta property=\"og:image:height\" content=\"960\" \/>\n\t<meta property=\"og:image:type\" content=\"image\/webp\" \/>\n<meta name=\"author\" content=\"Roberto Acosta\" \/>\n<meta name=\"twitter:card\" content=\"summary_large_image\" \/>\n<meta name=\"twitter:image\" content=\"https:\/\/i0.wp.com\/munigoicoechea.go.cr\/inicio\/wp-content\/uploads\/2025\/04\/redrsegoico-portada.webp?fit=1560%2C960&ssl=1\" \/>\n<meta name=\"twitter:label1\" content=\"Escrito por\" \/>\n\t<meta name=\"twitter:data1\" content=\"Roberto Acosta\" \/>\n\t<meta name=\"twitter:label2\" content=\"Tiempo de lectura\" \/>\n\t<meta name=\"twitter:data2\" content=\"5 minutos\" \/>\n<script type=\"application\/ld+json\" class=\"yoast-schema-graph\">{\"@context\":\"https:\/\/schema.org\",\"@graph\":[{\"@type\":\"Article\",\"@id\":\"https:\/\/munigoicoechea.go.cr\/inicio\/2025\/04\/02\/goicoechea-impulsa-una-red-de-responsabilidad-social-empresarial-para-el-desarrollo-local\/#article\",\"isPartOf\":{\"@id\":\"https:\/\/munigoicoechea.go.cr\/inicio\/2025\/04\/02\/goicoechea-impulsa-una-red-de-responsabilidad-social-empresarial-para-el-desarrollo-local\/\"},\"author\":{\"name\":\"Roberto Acosta\",\"@id\":\"https:\/\/munigoicoechea.go.cr\/inicio\/#\/schema\/person\/981fe0634f80a7634743a82c88a0c66a\"},\"headline\":\"Goicoechea impulsa una red de responsabilidad social empresarial para el desarrollo local\",\"datePublished\":\"2025-04-02T20:02:10+00:00\",\"dateModified\":\"2025-04-21T17:40:32+00:00\",\"mainEntityOfPage\":{\"@id\":\"https:\/\/munigoicoechea.go.cr\/inicio\/2025\/04\/02\/goicoechea-impulsa-una-red-de-responsabilidad-social-empresarial-para-el-desarrollo-local\/\"},\"wordCount\":593,\"commentCount\":1,\"publisher\":{\"@id\":\"https:\/\/munigoicoechea.go.cr\/inicio\/#organization\"},\"image\":{\"@id\":\"https:\/\/munigoicoechea.go.cr\/inicio\/2025\/04\/02\/goicoechea-impulsa-una-red-de-responsabilidad-social-empresarial-para-el-desarrollo-local\/#primaryimage\"},\"thumbnailUrl\":\"https:\/\/i0.wp.com\/munigoicoechea.go.cr\/inicio\/wp-content\/uploads\/2025\/04\/redrsegoico-portada.webp?fit=1560%2C960&ssl=1\",\"inLanguage\":\"es\",\"potentialAction\":[{\"@type\":\"CommentAction\",\"name\":\"Comment\",\"target\":[\"https:\/\/munigoicoechea.go.cr\/inicio\/2025\/04\/02\/goicoechea-impulsa-una-red-de-responsabilidad-social-empresarial-para-el-desarrollo-local\/#respond\"]}]},{\"@type\":\"WebPage\",\"@id\":\"https:\/\/munigoicoechea.go.cr\/inicio\/2025\/04\/02\/goicoechea-impulsa-una-red-de-responsabilidad-social-empresarial-para-el-desarrollo-local\/\",\"url\":\"https:\/\/munigoicoechea.go.cr\/inicio\/2025\/04\/02\/goicoechea-impulsa-una-red-de-responsabilidad-social-empresarial-para-el-desarrollo-local\/\",\"name\":\"Goicoechea impulsa una red de responsabilidad social empresarial para el desarrollo local &#8211; Municipalidad de Goicoechea\",\"isPartOf\":{\"@id\":\"https:\/\/munigoicoechea.go.cr\/inicio\/#website\"},\"primaryImageOfPage\":{\"@id\":\"https:\/\/munigoicoechea.go.cr\/inicio\/2025\/04\/02\/goicoechea-impulsa-una-red-de-responsabilidad-social-empresarial-para-el-desarrollo-local\/#primaryimage\"},\"image\":{\"@id\":\"https:\/\/munigoicoechea.go.cr\/inicio\/2025\/04\/02\/goicoechea-impulsa-una-red-de-responsabilidad-social-empresarial-para-el-desarrollo-local\/#primaryimage\"},\"thumbnailUrl\":\"https:\/\/i0.wp.com\/munigoicoechea.go.cr\/inicio\/wp-content\/uploads\/2025\/04\/redrsegoico-portada.webp?fit=1560%2C960&ssl=1\",\"datePublished\":\"2025-04-02T20:02:10+00:00\",\"dateModified\":\"2025-04-21T17:40:32+00:00\",\"breadcrumb\":{\"@id\":\"https:\/\/munigoicoechea.go.cr\/inicio\/2025\/04\/02\/goicoechea-impulsa-una-red-de-responsabilidad-social-empresarial-para-el-desarrollo-local\/#breadcrumb\"},\"inLanguage\":\"es\",\"potentialAction\":[{\"@type\":\"ReadAction\",\"target\":[\"https:\/\/munigoicoechea.go.cr\/inicio\/2025\/04\/02\/goicoechea-impulsa-una-red-de-responsabilidad-social-empresarial-para-el-desarrollo-local\/\"]}]},{\"@type\":\"ImageObject\",\"inLanguage\":\"es\",\"@id\":\"https:\/\/munigoicoechea.go.cr\/inicio\/2025\/04\/02\/goicoechea-impulsa-una-red-de-responsabilidad-social-empresarial-para-el-desarrollo-local\/#primaryimage\",\"url\":\"https:\/\/i0.wp.com\/munigoicoechea.go.cr\/inicio\/wp-content\/uploads\/2025\/04\/redrsegoico-portada.webp?fit=1560%2C960&ssl=1\",\"contentUrl\":\"https:\/\/i0.wp.com\/munigoicoechea.go.cr\/inicio\/wp-content\/uploads\/2025\/04\/redrsegoico-portada.webp?fit=1560%2C960&ssl=1\",\"width\":1560,\"height\":960},{\"@type\":\"BreadcrumbList\",\"@id\":\"https:\/\/munigoicoechea.go.cr\/inicio\/2025\/04\/02\/goicoechea-impulsa-una-red-de-responsabilidad-social-empresarial-para-el-desarrollo-local\/#breadcrumb\",\"itemListElement\":[{\"@type\":\"ListItem\",\"position\":1,\"name\":\"Portada\",\"item\":\"https:\/\/munigoicoechea.go.cr\/inicio\/\"},{\"@type\":\"ListItem\",\"position\":2,\"name\":\"Goicoechea impulsa una red de responsabilidad social empresarial para el desarrollo local\"}]},{\"@type\":\"WebSite\",\"@id\":\"https:\/\/munigoicoechea.go.cr\/inicio\/#website\",\"url\":\"https:\/\/munigoicoechea.go.cr\/inicio\/\",\"name\":\"Municipalidad de Goicoechea\",\"description\":\"\u00a1Hacemos que las cosas sucedan!\",\"publisher\":{\"@id\":\"https:\/\/munigoicoechea.go.cr\/inicio\/#organization\"},\"potentialAction\":[{\"@type\":\"SearchAction\",\"target\":{\"@type\":\"EntryPoint\",\"urlTemplate\":\"https:\/\/munigoicoechea.go.cr\/inicio\/?s={search_term_string}\"},\"query-input\":{\"@type\":\"PropertyValueSpecification\",\"valueRequired\":true,\"valueName\":\"search_term_string\"}}],\"inLanguage\":\"es\"},{\"@type\":\"Organization\",\"@id\":\"https:\/\/munigoicoechea.go.cr\/inicio\/#organization\",\"name\":\"Municipalidad de Goicoechea\",\"url\":\"https:\/\/munigoicoechea.go.cr\/inicio\/\",\"logo\":{\"@type\":\"ImageObject\",\"inLanguage\":\"es\",\"@id\":\"https:\/\/munigoicoechea.go.cr\/inicio\/#\/schema\/logo\/image\/\",\"url\":\"https:\/\/i0.wp.com\/munigoicoechea.go.cr\/inicio\/wp-content\/uploads\/2021\/09\/cropped-cropped-Logo_Oficial-300x290-1.png?fit=512%2C512&ssl=1\",\"contentUrl\":\"https:\/\/i0.wp.com\/munigoicoechea.go.cr\/inicio\/wp-content\/uploads\/2021\/09\/cropped-cropped-Logo_Oficial-300x290-1.png?fit=512%2C512&ssl=1\",\"width\":512,\"height\":512,\"caption\":\"Municipalidad de Goicoechea\"},\"image\":{\"@id\":\"https:\/\/munigoicoechea.go.cr\/inicio\/#\/schema\/logo\/image\/\"},\"sameAs\":[\"https:\/\/www.facebook.com\/munigoicooficial\/\",\"https:\/\/www.youtube.com\/channel\/UCdAVgrbooTmXJlBeYMusKiA?reload=9\"]},{\"@type\":\"Person\",\"@id\":\"https:\/\/munigoicoechea.go.cr\/inicio\/#\/schema\/person\/981fe0634f80a7634743a82c88a0c66a\",\"name\":\"Roberto Acosta\",\"image\":{\"@type\":\"ImageObject\",\"inLanguage\":\"es\",\"@id\":\"https:\/\/munigoicoechea.go.cr\/inicio\/#\/schema\/person\/image\/\",\"url\":\"https:\/\/secure.gravatar.com\/avatar\/25356dec1ccdc82bd3082018eb132ac434c8b0ca5179bdc5d88de5fdb4b7b3cd?s=96&d=mm&r=g\",\"contentUrl\":\"https:\/\/secure.gravatar.com\/avatar\/25356dec1ccdc82bd3082018eb132ac434c8b0ca5179bdc5d88de5fdb4b7b3cd?s=96&d=mm&r=g\",\"caption\":\"Roberto Acosta\"},\"url\":\"https:\/\/munigoicoechea.go.cr\/inicio\/author\/roberto-acosta\/\"}]}<\/script>\n<!-- \/ Yoast SEO plugin. -->","yoast_head_json":{"title":"Goicoechea impulsa una red de responsabilidad social empresarial para el desarrollo local &#8211; Municipalidad de Goicoechea","robots":{"index":"index","follow":"follow","max-snippet":"max-snippet:-1","max-image-preview":"max-image-preview:large","max-video-preview":"max-video-preview:-1"},"canonical":"https:\/\/munigoicoechea.go.cr\/inicio\/2025\/04\/02\/goicoechea-impulsa-una-red-de-responsabilidad-social-empresarial-para-el-desarrollo-local\/","og_locale":"es_ES","og_type":"article","og_title":"Goicoechea impulsa una red de responsabilidad social empresarial para el desarrollo local &#8211; Municipalidad de Goicoechea","og_description":"Goicoechea avanza en la consolidaci\u00f3n de un modelo de articulaci\u00f3n p\u00fablico-privada con la creaci\u00f3n de la red de responsabilidad social empresarial (RED RSE GOICO) del cant\u00f3n, una iniciativa de la Municipalidad, que busca fomentar la participaci\u00f3n activa de las empresas en el desarrollo comunitario, en l\u00ednea con el Plan de Desarrollo Cantonal y los Objetivos [&hellip;]","og_url":"https:\/\/munigoicoechea.go.cr\/inicio\/2025\/04\/02\/goicoechea-impulsa-una-red-de-responsabilidad-social-empresarial-para-el-desarrollo-local\/","og_site_name":"Municipalidad de Goicoechea","article_publisher":"https:\/\/www.facebook.com\/munigoicooficial\/","article_published_time":"2025-04-02T20:02:10+00:00","article_modified_time":"2025-04-21T17:40:32+00:00","og_image":[{"width":1560,"height":960,"url":"https:\/\/munigoicoechea.go.cr\/inicio\/wp-content\/uploads\/2025\/04\/redrsegoico-portada.webp","type":"image\/webp"}],"author":"Roberto Acosta","twitter_card":"summary_large_image","twitter_image":"https:\/\/i0.wp.com\/munigoicoechea.go.cr\/inicio\/wp-content\/uploads\/2025\/04\/redrsegoico-portada.webp?fit=1560%2C960&ssl=1","twitter_misc":{"Escrito por":"Roberto Acosta","Tiempo de lectura":"5 minutos"},"schema":{"@context":"https:\/\/schema.org","@graph":[{"@type":"Article","@id":"https:\/\/munigoicoechea.go.cr\/inicio\/2025\/04\/02\/goicoechea-impulsa-una-red-de-responsabilidad-social-empresarial-para-el-desarrollo-local\/#article","isPartOf":{"@id":"https:\/\/munigoicoechea.go.cr\/inicio\/2025\/04\/02\/goicoechea-impulsa-una-red-de-responsabilidad-social-empresarial-para-el-desarrollo-local\/"},"author":{"name":"Roberto Acosta","@id":"https:\/\/munigoicoechea.go.cr\/inicio\/#\/schema\/person\/981fe0634f80a7634743a82c88a0c66a"},"headline":"Goicoechea impulsa una red de responsabilidad social empresarial para el desarrollo local","datePublished":"2025-04-02T20:02:10+00:00","dateModified":"2025-04-21T17:40:32+00:00","mainEntityOfPage":{"@id":"https:\/\/munigoicoechea.go.cr\/inicio\/2025\/04\/02\/goicoechea-impulsa-una-red-de-responsabilidad-social-empresarial-para-el-desarrollo-local\/"},"wordCount":593,"commentCount":1,"publisher":{"@id":"https:\/\/munigoicoechea.go.cr\/inicio\/#organization"},"image":{"@id":"https:\/\/munigoicoechea.go.cr\/inicio\/2025\/04\/02\/goicoechea-impulsa-una-red-de-responsabilidad-social-empresarial-para-el-desarrollo-local\/#primaryimage"},"thumbnailUrl":"https:\/\/i0.wp.com\/munigoicoechea.go.cr\/inicio\/wp-content\/uploads\/2025\/04\/redrsegoico-portada.webp?fit=1560%2C960&ssl=1","inLanguage":"es","potentialAction":[{"@type":"CommentAction","name":"Comment","target":["https:\/\/munigoicoechea.go.cr\/inicio\/2025\/04\/02\/goicoechea-impulsa-una-red-de-responsabilidad-social-empresarial-para-el-desarrollo-local\/#respond"]}]},{"@type":"WebPage","@id":"https:\/\/munigoicoechea.go.cr\/inicio\/2025\/04\/02\/goicoechea-impulsa-una-red-de-responsabilidad-social-empresarial-para-el-desarrollo-local\/","url":"https:\/\/munigoicoechea.go.cr\/inicio\/2025\/04\/02\/goicoechea-impulsa-una-red-de-responsabilidad-social-empresarial-para-el-desarrollo-local\/","name":"Goicoechea impulsa una red de responsabilidad social empresarial para el desarrollo local &#8211; Municipalidad de Goicoechea","isPartOf":{"@id":"https:\/\/munigoicoechea.go.cr\/inicio\/#website"},"primaryImageOfPage":{"@id":"https:\/\/munigoicoechea.go.cr\/inicio\/2025\/04\/02\/goicoechea-impulsa-una-red-de-responsabilidad-social-empresarial-para-el-desarrollo-local\/#primaryimage"},"image":{"@id":"https:\/\/munigoicoechea.go.cr\/inicio\/2025\/04\/02\/goicoechea-impulsa-una-red-de-responsabilidad-social-empresarial-para-el-desarrollo-local\/#primaryimage"},"thumbnailUrl":"https:\/\/i0.wp.com\/munigoicoechea.go.cr\/inicio\/wp-content\/uploads\/2025\/04\/redrsegoico-portada.webp?fit=1560%2C960&ssl=1","datePublished":"2025-04-02T20:02:10+00:00","dateModified":"2025-04-21T17:40:32+00:00","breadcrumb":{"@id":"https:\/\/munigoicoechea.go.cr\/inicio\/2025\/04\/02\/goicoechea-impulsa-una-red-de-responsabilidad-social-empresarial-para-el-desarrollo-local\/#breadcrumb"},"inLanguage":"es","potentialAction":[{"@type":"ReadAction","target":["https:\/\/munigoicoechea.go.cr\/inicio\/2025\/04\/02\/goicoechea-impulsa-una-red-de-responsabilidad-social-empresarial-para-el-desarrollo-local\/"]}]},{"@type":"ImageObject","inLanguage":"es","@id":"https:\/\/munigoicoechea.go.cr\/inicio\/2025\/04\/02\/goicoechea-impulsa-una-red-de-responsabilidad-social-empresarial-para-el-desarrollo-local\/#primaryimage","url":"https:\/\/i0.wp.com\/munigoicoechea.go.cr\/inicio\/wp-content\/uploads\/2025\/04\/redrsegoico-portada.webp?fit=1560%2C960&ssl=1","contentUrl":"https:\/\/i0.wp.com\/munigoicoechea.go.cr\/inicio\/wp-content\/uploads\/2025\/04\/redrsegoico-portada.webp?fit=1560%2C960&ssl=1","width":1560,"height":960},{"@type":"BreadcrumbList","@id":"https:\/\/munigoicoechea.go.cr\/inicio\/2025\/04\/02\/goicoechea-impulsa-una-red-de-responsabilidad-social-empresarial-para-el-desarrollo-local\/#breadcrumb","itemListElement":[{"@type":"ListItem","position":1,"name":"Portada","item":"https:\/\/munigoicoechea.go.cr\/inicio\/"},{"@type":"ListItem","position":2,"name":"Goicoechea impulsa una red de responsabilidad social empresarial para el desarrollo local"}]},{"@type":"WebSite","@id":"https:\/\/munigoicoechea.go.cr\/inicio\/#website","url":"https:\/\/munigoicoechea.go.cr\/inicio\/","name":"Municipalidad de Goicoechea","description":"\u00a1Hacemos que las cosas sucedan!","publisher":{"@id":"https:\/\/munigoicoechea.go.cr\/inicio\/#organization"},"potentialAction":[{"@type":"SearchAction","target":{"@type":"EntryPoint","urlTemplate":"https:\/\/munigoicoechea.go.cr\/inicio\/?s={search_term_string}"},"query-input":{"@type":"PropertyValueSpecification","valueRequired":true,"valueName":"search_term_string"}}],"inLanguage":"es"},{"@type":"Organization","@id":"https:\/\/munigoicoechea.go.cr\/inicio\/#organization","name":"Municipalidad de Goicoechea","url":"https:\/\/munigoicoechea.go.cr\/inicio\/","logo":{"@type":"ImageObject","inLanguage":"es","@id":"https:\/\/munigoicoechea.go.cr\/inicio\/#\/schema\/logo\/image\/","url":"https:\/\/i0.wp.com\/munigoicoechea.go.cr\/inicio\/wp-content\/uploads\/2021\/09\/cropped-cropped-Logo_Oficial-300x290-1.png?fit=512%2C512&ssl=1","contentUrl":"https:\/\/i0.wp.com\/munigoicoechea.go.cr\/inicio\/wp-content\/uploads\/2021\/09\/cropped-cropped-Logo_Oficial-300x290-1.png?fit=512%2C512&ssl=1","width":512,"height":512,"caption":"Municipalidad de Goicoechea"},"image":{"@id":"https:\/\/munigoicoechea.go.cr\/inicio\/#\/schema\/logo\/image\/"},"sameAs":["https:\/\/www.facebook.com\/munigoicooficial\/","https:\/\/www.youtube.com\/channel\/UCdAVgrbooTmXJlBeYMusKiA?reload=9"]},{"@type":"Person","@id":"https:\/\/munigoicoechea.go.cr\/inicio\/#\/schema\/person\/981fe0634f80a7634743a82c88a0c66a","name":"Roberto Acosta","image":{"@type":"ImageObject","inLanguage":"es","@id":"https:\/\/munigoicoechea.go.cr\/inicio\/#\/schema\/person\/image\/","url":"https:\/\/secure.gravatar.com\/avatar\/25356dec1ccdc82bd3082018eb132ac434c8b0ca5179bdc5d88de5fdb4b7b3cd?s=96&d=mm&r=g","contentUrl":"https:\/\/secure.gravatar.com\/avatar\/25356dec1ccdc82bd3082018eb132ac434c8b0ca5179bdc5d88de5fdb4b7b3cd?s=96&d=mm&r=g","caption":"Roberto Acosta"},"url":"https:\/\/munigoicoechea.go.cr\/inicio\/author\/roberto-acosta\/"}]}},"jetpack_featured_media_url":"https:\/\/i0.wp.com\/munigoicoechea.go.cr\/inicio\/wp-content\/uploads\/2025\/04\/redrsegoico-portada.webp?fit=1560%2C960&ssl=1","jetpack_sharing_enabled":true,"_links":{"self":[{"href":"https:\/\/munigoicoechea.go.cr\/inicio\/wp-json\/wp\/v2\/posts\/13059","targetHints":{"allow":["GET"]}}],"collection":[{"href":"https:\/\/munigoicoechea.go.cr\/inicio\/wp-json\/wp\/v2\/posts"}],"about":[{"href":"https:\/\/munigoicoechea.go.cr\/inicio\/wp-json\/wp\/v2\/types\/post"}],"author":[{"embeddable":true,"href":"https:\/\/munigoicoechea.go.cr\/inicio\/wp-json\/wp\/v2\/users\/38"}],"replies":[{"embeddable":true,"href":"https:\/\/munigoicoechea.go.cr\/inicio\/wp-json\/wp\/v2\/comments?post=13059"}],"version-history":[{"count":6,"href":"https:\/\/munigoicoechea.go.cr\/inicio\/wp-json\/wp\/v2\/posts\/13059\/revisions"}],"predecessor-version":[{"id":13068,"href":"https:\/\/munigoicoechea.go.cr\/inicio\/wp-json\/wp\/v2\/posts\/13059\/revisions\/13068"}],"wp:featuredmedia":[{"embeddable":true,"href":"https:\/\/munigoicoechea.go.cr\/inicio\/wp-json\/wp\/v2\/media\/13058"}],"wp:attachment":[{"href":"https:\/\/munigoicoechea.go.cr\/inicio\/wp-json\/wp\/v2\/media?parent=13059"}],"wp:term":[{"taxonomy":"category","embeddable":true,"href":"https:\/\/munigoicoechea.go.cr\/inicio\/wp-json\/wp\/v2\/categories?post=13059"},{"taxonomy":"post_tag","embeddable":true,"href":"https:\/\/munigoicoechea.go.cr\/inicio\/wp-json\/wp\/v2\/tags?post=13059"}],"curies":[{"name":"wp","href":"https:\/\/api.w.org\/{rel}","templated":true}]}}