{"id":13329,"date":"2025-09-04T21:57:56","date_gmt":"2025-09-04T21:57:56","guid":{"rendered":"https:\/\/munigoicoechea.go.cr\/inicio\/?p=13329"},"modified":"2025-09-04T21:58:01","modified_gmt":"2025-09-04T21:58:01","slug":"concejo-municipal-de-goicoechea-aprueba-reforma-para-fortalecer-la-rendicion-de-cuentas","status":"publish","type":"post","link":"https:\/\/munigoicoechea.go.cr\/inicio\/2025\/09\/04\/concejo-municipal-de-goicoechea-aprueba-reforma-para-fortalecer-la-rendicion-de-cuentas\/","title":{"rendered":"Concejo Municipal de Goicoechea aprueba reforma para fortalecer la rendici\u00f3n de cuentas"},"content":{"rendered":"\n<p>El Concejo Municipal de Goicoechea aprob\u00f3 de manera un\u00e1nime y con car\u00e1cter firme una reforma al Reglamento Interior de Orden, Direcci\u00f3n y Debate, con el objetivo de reforzar la transparencia y la rendici\u00f3n de cuentas en la gesti\u00f3n municipal.<\/p>\n\n\n\n<p>La modificaci\u00f3n incorpora un nuevo art\u00edculo denominado Art\u00edculo 18 bis, que establece lo siguiente:<\/p>\n\n\n\n<blockquote class=\"wp-block-quote is-layout-flow wp-block-quote-is-layout-flow\">\n<p>\u201cArt\u00edculo 18 bis. Sesi\u00f3n Extraordinaria de rendici\u00f3n de cuentas del Concejo Municipal. Durante el mes de mayo de cada a\u00f1o, el Concejo Municipal celebrar\u00e1 una sesi\u00f3n extraordinaria exclusiva para la rendici\u00f3n de cuentas de sus \u00f3rganos internos. En esta sesi\u00f3n, deber\u00e1n comparecer la presidencia, la vicepresidencia, las jefaturas de fracci\u00f3n y las comisiones permanentes y especiales del Concejo, quienes deber\u00e1n rendir informe detallado sobre las labores desempe\u00f1adas, resultados obtenidos y cumplimiento de las funciones y deberes que les asignan el C\u00f3digo Municipal y el presente Reglamento.\u201d<\/p>\n<\/blockquote>\n\n\n\n<p>Con esta reforma, el Concejo Municipal busca garantizar un espacio formal y p\u00fablico de evaluaci\u00f3n del trabajo realizado por sus diferentes \u00f3rganos, promoviendo as\u00ed mayor apertura, participaci\u00f3n ciudadana y control democr\u00e1tico sobre la gesti\u00f3n municipal.<\/p>\n\n\n\n<p><\/p>\n","protected":false},"excerpt":{"rendered":"<p>El Concejo Municipal de Goicoechea aprob\u00f3 de manera un\u00e1nime y con car\u00e1cter firme una reforma al Reglamento Interior de Orden, Direcci\u00f3n y Debate, con el objetivo de reforzar la transparencia y la rendici\u00f3n de cuentas en la gesti\u00f3n municipal. La modificaci\u00f3n incorpora un nuevo art\u00edculo denominado Art\u00edculo 18 bis, que establece lo siguiente: \u201cArt\u00edculo 18 [&hellip;]<\/p>\n","protected":false},"author":39,"featured_media":13330,"comment_status":"open","ping_status":"closed","sticky":false,"template":"","format":"standard","meta":{"_monsterinsights_skip_tracking":false,"_monsterinsights_sitenote_active":false,"_monsterinsights_sitenote_note":"","_monsterinsights_sitenote_category":0,"_jetpack_memberships_contains_paid_content":false,"_joinchat":[],"footnotes":""},"categories":[1],"tags":[],"class_list":["post-13329","post","type-post","status-publish","format-standard","has-post-thumbnail","hentry","category-sin-categoria"],"aioseo_notices":[],"yoast_head":"<!-- This site is optimized with the Yoast SEO plugin v27.1.1 - https:\/\/yoast.com\/product\/yoast-seo-wordpress\/ -->\n<title>Concejo Municipal de Goicoechea aprueba reforma para fortalecer la rendici\u00f3n de cuentas &#8211; Municipalidad de Goicoechea<\/title>\n<meta name=\"robots\" content=\"index, follow, max-snippet:-1, max-image-preview:large, max-video-preview:-1\" \/>\n<link rel=\"canonical\" href=\"https:\/\/munigoicoechea.go.cr\/inicio\/2025\/09\/04\/concejo-municipal-de-goicoechea-aprueba-reforma-para-fortalecer-la-rendicion-de-cuentas\/\" \/>\n<meta property=\"og:locale\" content=\"es_ES\" \/>\n<meta property=\"og:type\" content=\"article\" \/>\n<meta property=\"og:title\" content=\"Concejo Municipal de Goicoechea aprueba reforma para fortalecer la rendici\u00f3n de cuentas &#8211; Municipalidad de Goicoechea\" \/>\n<meta property=\"og:description\" content=\"El Concejo Municipal de Goicoechea aprob\u00f3 de manera un\u00e1nime y con car\u00e1cter firme una reforma al Reglamento Interior de Orden, Direcci\u00f3n y Debate, con el objetivo de reforzar la transparencia y la rendici\u00f3n de cuentas en la gesti\u00f3n municipal. La modificaci\u00f3n incorpora un nuevo art\u00edculo denominado Art\u00edculo 18 bis, que establece lo siguiente: \u201cArt\u00edculo 18 [&hellip;]\" \/>\n<meta property=\"og:url\" content=\"https:\/\/munigoicoechea.go.cr\/inicio\/2025\/09\/04\/concejo-municipal-de-goicoechea-aprueba-reforma-para-fortalecer-la-rendicion-de-cuentas\/\" \/>\n<meta property=\"og:site_name\" content=\"Municipalidad de Goicoechea\" \/>\n<meta property=\"article:publisher\" content=\"https:\/\/www.facebook.com\/munigoicooficial\/\" \/>\n<meta property=\"article:published_time\" content=\"2025-09-04T21:57:56+00:00\" \/>\n<meta property=\"article:modified_time\" content=\"2025-09-04T21:58:01+00:00\" \/>\n<meta property=\"og:image\" content=\"https:\/\/munigoicoechea.go.cr\/inicio\/wp-content\/uploads\/2025\/09\/Captura-2-1.png\" \/>\n\t<meta property=\"og:image:width\" content=\"1925\" \/>\n\t<meta property=\"og:image:height\" content=\"992\" \/>\n\t<meta property=\"og:image:type\" content=\"image\/png\" \/>\n<meta name=\"author\" content=\"Sharlene Davis\" \/>\n<meta name=\"twitter:card\" content=\"summary_large_image\" \/>\n<meta name=\"twitter:label1\" content=\"Escrito por\" \/>\n\t<meta name=\"twitter:data1\" content=\"Sharlene Davis\" \/>\n\t<meta name=\"twitter:label2\" content=\"Tiempo de lectura\" \/>\n\t<meta name=\"twitter:data2\" content=\"1 minuto\" \/>\n<script type=\"application\/ld+json\" class=\"yoast-schema-graph\">{\"@context\":\"https:\/\/schema.org\",\"@graph\":[{\"@type\":\"Article\",\"@id\":\"https:\/\/munigoicoechea.go.cr\/inicio\/2025\/09\/04\/concejo-municipal-de-goicoechea-aprueba-reforma-para-fortalecer-la-rendicion-de-cuentas\/#article\",\"isPartOf\":{\"@id\":\"https:\/\/munigoicoechea.go.cr\/inicio\/2025\/09\/04\/concejo-municipal-de-goicoechea-aprueba-reforma-para-fortalecer-la-rendicion-de-cuentas\/\"},\"author\":{\"name\":\"Sharlene Davis\",\"@id\":\"https:\/\/munigoicoechea.go.cr\/inicio\/#\/schema\/person\/eb21aafa0e1a0dbfa7ef8d321a5e4c52\"},\"headline\":\"Concejo Municipal de Goicoechea aprueba reforma para fortalecer la rendici\u00f3n de cuentas\",\"datePublished\":\"2025-09-04T21:57:56+00:00\",\"dateModified\":\"2025-09-04T21:58:01+00:00\",\"mainEntityOfPage\":{\"@id\":\"https:\/\/munigoicoechea.go.cr\/inicio\/2025\/09\/04\/concejo-municipal-de-goicoechea-aprueba-reforma-para-fortalecer-la-rendicion-de-cuentas\/\"},\"wordCount\":210,\"commentCount\":0,\"publisher\":{\"@id\":\"https:\/\/munigoicoechea.go.cr\/inicio\/#organization\"},\"image\":{\"@id\":\"https:\/\/munigoicoechea.go.cr\/inicio\/2025\/09\/04\/concejo-municipal-de-goicoechea-aprueba-reforma-para-fortalecer-la-rendicion-de-cuentas\/#primaryimage\"},\"thumbnailUrl\":\"https:\/\/i0.wp.com\/munigoicoechea.go.cr\/inicio\/wp-content\/uploads\/2025\/09\/Captura-2-1.png?fit=1925%2C992&ssl=1\",\"inLanguage\":\"es\",\"potentialAction\":[{\"@type\":\"CommentAction\",\"name\":\"Comment\",\"target\":[\"https:\/\/munigoicoechea.go.cr\/inicio\/2025\/09\/04\/concejo-municipal-de-goicoechea-aprueba-reforma-para-fortalecer-la-rendicion-de-cuentas\/#respond\"]}]},{\"@type\":\"WebPage\",\"@id\":\"https:\/\/munigoicoechea.go.cr\/inicio\/2025\/09\/04\/concejo-municipal-de-goicoechea-aprueba-reforma-para-fortalecer-la-rendicion-de-cuentas\/\",\"url\":\"https:\/\/munigoicoechea.go.cr\/inicio\/2025\/09\/04\/concejo-municipal-de-goicoechea-aprueba-reforma-para-fortalecer-la-rendicion-de-cuentas\/\",\"name\":\"Concejo Municipal de Goicoechea aprueba reforma para fortalecer la rendici\u00f3n de cuentas &#8211; Municipalidad de Goicoechea\",\"isPartOf\":{\"@id\":\"https:\/\/munigoicoechea.go.cr\/inicio\/#website\"},\"primaryImageOfPage\":{\"@id\":\"https:\/\/munigoicoechea.go.cr\/inicio\/2025\/09\/04\/concejo-municipal-de-goicoechea-aprueba-reforma-para-fortalecer-la-rendicion-de-cuentas\/#primaryimage\"},\"image\":{\"@id\":\"https:\/\/munigoicoechea.go.cr\/inicio\/2025\/09\/04\/concejo-municipal-de-goicoechea-aprueba-reforma-para-fortalecer-la-rendicion-de-cuentas\/#primaryimage\"},\"thumbnailUrl\":\"https:\/\/i0.wp.com\/munigoicoechea.go.cr\/inicio\/wp-content\/uploads\/2025\/09\/Captura-2-1.png?fit=1925%2C992&ssl=1\",\"datePublished\":\"2025-09-04T21:57:56+00:00\",\"dateModified\":\"2025-09-04T21:58:01+00:00\",\"breadcrumb\":{\"@id\":\"https:\/\/munigoicoechea.go.cr\/inicio\/2025\/09\/04\/concejo-municipal-de-goicoechea-aprueba-reforma-para-fortalecer-la-rendicion-de-cuentas\/#breadcrumb\"},\"inLanguage\":\"es\",\"potentialAction\":[{\"@type\":\"ReadAction\",\"target\":[\"https:\/\/munigoicoechea.go.cr\/inicio\/2025\/09\/04\/concejo-municipal-de-goicoechea-aprueba-reforma-para-fortalecer-la-rendicion-de-cuentas\/\"]}]},{\"@type\":\"ImageObject\",\"inLanguage\":\"es\",\"@id\":\"https:\/\/munigoicoechea.go.cr\/inicio\/2025\/09\/04\/concejo-municipal-de-goicoechea-aprueba-reforma-para-fortalecer-la-rendicion-de-cuentas\/#primaryimage\",\"url\":\"https:\/\/i0.wp.com\/munigoicoechea.go.cr\/inicio\/wp-content\/uploads\/2025\/09\/Captura-2-1.png?fit=1925%2C992&ssl=1\",\"contentUrl\":\"https:\/\/i0.wp.com\/munigoicoechea.go.cr\/inicio\/wp-content\/uploads\/2025\/09\/Captura-2-1.png?fit=1925%2C992&ssl=1\",\"width\":1925,\"height\":992},{\"@type\":\"BreadcrumbList\",\"@id\":\"https:\/\/munigoicoechea.go.cr\/inicio\/2025\/09\/04\/concejo-municipal-de-goicoechea-aprueba-reforma-para-fortalecer-la-rendicion-de-cuentas\/#breadcrumb\",\"itemListElement\":[{\"@type\":\"ListItem\",\"position\":1,\"name\":\"Portada\",\"item\":\"https:\/\/munigoicoechea.go.cr\/inicio\/\"},{\"@type\":\"ListItem\",\"position\":2,\"name\":\"Concejo Municipal de Goicoechea aprueba reforma para fortalecer la rendici\u00f3n de cuentas\"}]},{\"@type\":\"WebSite\",\"@id\":\"https:\/\/munigoicoechea.go.cr\/inicio\/#website\",\"url\":\"https:\/\/munigoicoechea.go.cr\/inicio\/\",\"name\":\"Municipalidad de Goicoechea\",\"description\":\"\u00a1Hacemos que las cosas sucedan!\",\"publisher\":{\"@id\":\"https:\/\/munigoicoechea.go.cr\/inicio\/#organization\"},\"potentialAction\":[{\"@type\":\"SearchAction\",\"target\":{\"@type\":\"EntryPoint\",\"urlTemplate\":\"https:\/\/munigoicoechea.go.cr\/inicio\/?s={search_term_string}\"},\"query-input\":{\"@type\":\"PropertyValueSpecification\",\"valueRequired\":true,\"valueName\":\"search_term_string\"}}],\"inLanguage\":\"es\"},{\"@type\":\"Organization\",\"@id\":\"https:\/\/munigoicoechea.go.cr\/inicio\/#organization\",\"name\":\"Municipalidad de Goicoechea\",\"url\":\"https:\/\/munigoicoechea.go.cr\/inicio\/\",\"logo\":{\"@type\":\"ImageObject\",\"inLanguage\":\"es\",\"@id\":\"https:\/\/munigoicoechea.go.cr\/inicio\/#\/schema\/logo\/image\/\",\"url\":\"https:\/\/i0.wp.com\/munigoicoechea.go.cr\/inicio\/wp-content\/uploads\/2021\/09\/cropped-cropped-Logo_Oficial-300x290-1.png?fit=512%2C512&ssl=1\",\"contentUrl\":\"https:\/\/i0.wp.com\/munigoicoechea.go.cr\/inicio\/wp-content\/uploads\/2021\/09\/cropped-cropped-Logo_Oficial-300x290-1.png?fit=512%2C512&ssl=1\",\"width\":512,\"height\":512,\"caption\":\"Municipalidad de Goicoechea\"},\"image\":{\"@id\":\"https:\/\/munigoicoechea.go.cr\/inicio\/#\/schema\/logo\/image\/\"},\"sameAs\":[\"https:\/\/www.facebook.com\/munigoicooficial\/\",\"https:\/\/www.youtube.com\/channel\/UCdAVgrbooTmXJlBeYMusKiA?reload=9\"]},{\"@type\":\"Person\",\"@id\":\"https:\/\/munigoicoechea.go.cr\/inicio\/#\/schema\/person\/eb21aafa0e1a0dbfa7ef8d321a5e4c52\",\"name\":\"Sharlene Davis\",\"image\":{\"@type\":\"ImageObject\",\"inLanguage\":\"es\",\"@id\":\"https:\/\/munigoicoechea.go.cr\/inicio\/#\/schema\/person\/image\/\",\"url\":\"https:\/\/secure.gravatar.com\/avatar\/c26b13749b44d31ffca11cadc8c5e2f853d53b6f80cfba7a241a372cdf959df9?s=96&d=mm&r=g\",\"contentUrl\":\"https:\/\/secure.gravatar.com\/avatar\/c26b13749b44d31ffca11cadc8c5e2f853d53b6f80cfba7a241a372cdf959df9?s=96&d=mm&r=g\",\"caption\":\"Sharlene Davis\"},\"url\":\"https:\/\/munigoicoechea.go.cr\/inicio\/author\/sharlene-davis\/\"}]}<\/script>\n<!-- \/ Yoast SEO plugin. -->","yoast_head_json":{"title":"Concejo Municipal de Goicoechea aprueba reforma para fortalecer la rendici\u00f3n de cuentas &#8211; Municipalidad de Goicoechea","robots":{"index":"index","follow":"follow","max-snippet":"max-snippet:-1","max-image-preview":"max-image-preview:large","max-video-preview":"max-video-preview:-1"},"canonical":"https:\/\/munigoicoechea.go.cr\/inicio\/2025\/09\/04\/concejo-municipal-de-goicoechea-aprueba-reforma-para-fortalecer-la-rendicion-de-cuentas\/","og_locale":"es_ES","og_type":"article","og_title":"Concejo Municipal de Goicoechea aprueba reforma para fortalecer la rendici\u00f3n de cuentas &#8211; Municipalidad de Goicoechea","og_description":"El Concejo Municipal de Goicoechea aprob\u00f3 de manera un\u00e1nime y con car\u00e1cter firme una reforma al Reglamento Interior de Orden, Direcci\u00f3n y Debate, con el objetivo de reforzar la transparencia y la rendici\u00f3n de cuentas en la gesti\u00f3n municipal. La modificaci\u00f3n incorpora un nuevo art\u00edculo denominado Art\u00edculo 18 bis, que establece lo siguiente: \u201cArt\u00edculo 18 [&hellip;]","og_url":"https:\/\/munigoicoechea.go.cr\/inicio\/2025\/09\/04\/concejo-municipal-de-goicoechea-aprueba-reforma-para-fortalecer-la-rendicion-de-cuentas\/","og_site_name":"Municipalidad de Goicoechea","article_publisher":"https:\/\/www.facebook.com\/munigoicooficial\/","article_published_time":"2025-09-04T21:57:56+00:00","article_modified_time":"2025-09-04T21:58:01+00:00","og_image":[{"width":1925,"height":992,"url":"https:\/\/munigoicoechea.go.cr\/inicio\/wp-content\/uploads\/2025\/09\/Captura-2-1.png","type":"image\/png"}],"author":"Sharlene Davis","twitter_card":"summary_large_image","twitter_misc":{"Escrito por":"Sharlene Davis","Tiempo de lectura":"1 minuto"},"schema":{"@context":"https:\/\/schema.org","@graph":[{"@type":"Article","@id":"https:\/\/munigoicoechea.go.cr\/inicio\/2025\/09\/04\/concejo-municipal-de-goicoechea-aprueba-reforma-para-fortalecer-la-rendicion-de-cuentas\/#article","isPartOf":{"@id":"https:\/\/munigoicoechea.go.cr\/inicio\/2025\/09\/04\/concejo-municipal-de-goicoechea-aprueba-reforma-para-fortalecer-la-rendicion-de-cuentas\/"},"author":{"name":"Sharlene Davis","@id":"https:\/\/munigoicoechea.go.cr\/inicio\/#\/schema\/person\/eb21aafa0e1a0dbfa7ef8d321a5e4c52"},"headline":"Concejo Municipal de Goicoechea aprueba reforma para fortalecer la rendici\u00f3n de cuentas","datePublished":"2025-09-04T21:57:56+00:00","dateModified":"2025-09-04T21:58:01+00:00","mainEntityOfPage":{"@id":"https:\/\/munigoicoechea.go.cr\/inicio\/2025\/09\/04\/concejo-municipal-de-goicoechea-aprueba-reforma-para-fortalecer-la-rendicion-de-cuentas\/"},"wordCount":210,"commentCount":0,"publisher":{"@id":"https:\/\/munigoicoechea.go.cr\/inicio\/#organization"},"image":{"@id":"https:\/\/munigoicoechea.go.cr\/inicio\/2025\/09\/04\/concejo-municipal-de-goicoechea-aprueba-reforma-para-fortalecer-la-rendicion-de-cuentas\/#primaryimage"},"thumbnailUrl":"https:\/\/i0.wp.com\/munigoicoechea.go.cr\/inicio\/wp-content\/uploads\/2025\/09\/Captura-2-1.png?fit=1925%2C992&ssl=1","inLanguage":"es","potentialAction":[{"@type":"CommentAction","name":"Comment","target":["https:\/\/munigoicoechea.go.cr\/inicio\/2025\/09\/04\/concejo-municipal-de-goicoechea-aprueba-reforma-para-fortalecer-la-rendicion-de-cuentas\/#respond"]}]},{"@type":"WebPage","@id":"https:\/\/munigoicoechea.go.cr\/inicio\/2025\/09\/04\/concejo-municipal-de-goicoechea-aprueba-reforma-para-fortalecer-la-rendicion-de-cuentas\/","url":"https:\/\/munigoicoechea.go.cr\/inicio\/2025\/09\/04\/concejo-municipal-de-goicoechea-aprueba-reforma-para-fortalecer-la-rendicion-de-cuentas\/","name":"Concejo Municipal de Goicoechea aprueba reforma para fortalecer la rendici\u00f3n de cuentas &#8211; Municipalidad de Goicoechea","isPartOf":{"@id":"https:\/\/munigoicoechea.go.cr\/inicio\/#website"},"primaryImageOfPage":{"@id":"https:\/\/munigoicoechea.go.cr\/inicio\/2025\/09\/04\/concejo-municipal-de-goicoechea-aprueba-reforma-para-fortalecer-la-rendicion-de-cuentas\/#primaryimage"},"image":{"@id":"https:\/\/munigoicoechea.go.cr\/inicio\/2025\/09\/04\/concejo-municipal-de-goicoechea-aprueba-reforma-para-fortalecer-la-rendicion-de-cuentas\/#primaryimage"},"thumbnailUrl":"https:\/\/i0.wp.com\/munigoicoechea.go.cr\/inicio\/wp-content\/uploads\/2025\/09\/Captura-2-1.png?fit=1925%2C992&ssl=1","datePublished":"2025-09-04T21:57:56+00:00","dateModified":"2025-09-04T21:58:01+00:00","breadcrumb":{"@id":"https:\/\/munigoicoechea.go.cr\/inicio\/2025\/09\/04\/concejo-municipal-de-goicoechea-aprueba-reforma-para-fortalecer-la-rendicion-de-cuentas\/#breadcrumb"},"inLanguage":"es","potentialAction":[{"@type":"ReadAction","target":["https:\/\/munigoicoechea.go.cr\/inicio\/2025\/09\/04\/concejo-municipal-de-goicoechea-aprueba-reforma-para-fortalecer-la-rendicion-de-cuentas\/"]}]},{"@type":"ImageObject","inLanguage":"es","@id":"https:\/\/munigoicoechea.go.cr\/inicio\/2025\/09\/04\/concejo-municipal-de-goicoechea-aprueba-reforma-para-fortalecer-la-rendicion-de-cuentas\/#primaryimage","url":"https:\/\/i0.wp.com\/munigoicoechea.go.cr\/inicio\/wp-content\/uploads\/2025\/09\/Captura-2-1.png?fit=1925%2C992&ssl=1","contentUrl":"https:\/\/i0.wp.com\/munigoicoechea.go.cr\/inicio\/wp-content\/uploads\/2025\/09\/Captura-2-1.png?fit=1925%2C992&ssl=1","width":1925,"height":992},{"@type":"BreadcrumbList","@id":"https:\/\/munigoicoechea.go.cr\/inicio\/2025\/09\/04\/concejo-municipal-de-goicoechea-aprueba-reforma-para-fortalecer-la-rendicion-de-cuentas\/#breadcrumb","itemListElement":[{"@type":"ListItem","position":1,"name":"Portada","item":"https:\/\/munigoicoechea.go.cr\/inicio\/"},{"@type":"ListItem","position":2,"name":"Concejo Municipal de Goicoechea aprueba reforma para fortalecer la rendici\u00f3n de cuentas"}]},{"@type":"WebSite","@id":"https:\/\/munigoicoechea.go.cr\/inicio\/#website","url":"https:\/\/munigoicoechea.go.cr\/inicio\/","name":"Municipalidad de Goicoechea","description":"\u00a1Hacemos que las cosas sucedan!","publisher":{"@id":"https:\/\/munigoicoechea.go.cr\/inicio\/#organization"},"potentialAction":[{"@type":"SearchAction","target":{"@type":"EntryPoint","urlTemplate":"https:\/\/munigoicoechea.go.cr\/inicio\/?s={search_term_string}"},"query-input":{"@type":"PropertyValueSpecification","valueRequired":true,"valueName":"search_term_string"}}],"inLanguage":"es"},{"@type":"Organization","@id":"https:\/\/munigoicoechea.go.cr\/inicio\/#organization","name":"Municipalidad de Goicoechea","url":"https:\/\/munigoicoechea.go.cr\/inicio\/","logo":{"@type":"ImageObject","inLanguage":"es","@id":"https:\/\/munigoicoechea.go.cr\/inicio\/#\/schema\/logo\/image\/","url":"https:\/\/i0.wp.com\/munigoicoechea.go.cr\/inicio\/wp-content\/uploads\/2021\/09\/cropped-cropped-Logo_Oficial-300x290-1.png?fit=512%2C512&ssl=1","contentUrl":"https:\/\/i0.wp.com\/munigoicoechea.go.cr\/inicio\/wp-content\/uploads\/2021\/09\/cropped-cropped-Logo_Oficial-300x290-1.png?fit=512%2C512&ssl=1","width":512,"height":512,"caption":"Municipalidad de Goicoechea"},"image":{"@id":"https:\/\/munigoicoechea.go.cr\/inicio\/#\/schema\/logo\/image\/"},"sameAs":["https:\/\/www.facebook.com\/munigoicooficial\/","https:\/\/www.youtube.com\/channel\/UCdAVgrbooTmXJlBeYMusKiA?reload=9"]},{"@type":"Person","@id":"https:\/\/munigoicoechea.go.cr\/inicio\/#\/schema\/person\/eb21aafa0e1a0dbfa7ef8d321a5e4c52","name":"Sharlene Davis","image":{"@type":"ImageObject","inLanguage":"es","@id":"https:\/\/munigoicoechea.go.cr\/inicio\/#\/schema\/person\/image\/","url":"https:\/\/secure.gravatar.com\/avatar\/c26b13749b44d31ffca11cadc8c5e2f853d53b6f80cfba7a241a372cdf959df9?s=96&d=mm&r=g","contentUrl":"https:\/\/secure.gravatar.com\/avatar\/c26b13749b44d31ffca11cadc8c5e2f853d53b6f80cfba7a241a372cdf959df9?s=96&d=mm&r=g","caption":"Sharlene Davis"},"url":"https:\/\/munigoicoechea.go.cr\/inicio\/author\/sharlene-davis\/"}]}},"jetpack_featured_media_url":"https:\/\/i0.wp.com\/munigoicoechea.go.cr\/inicio\/wp-content\/uploads\/2025\/09\/Captura-2-1.png?fit=1925%2C992&ssl=1","jetpack_sharing_enabled":true,"_links":{"self":[{"href":"https:\/\/munigoicoechea.go.cr\/inicio\/wp-json\/wp\/v2\/posts\/13329","targetHints":{"allow":["GET"]}}],"collection":[{"href":"https:\/\/munigoicoechea.go.cr\/inicio\/wp-json\/wp\/v2\/posts"}],"about":[{"href":"https:\/\/munigoicoechea.go.cr\/inicio\/wp-json\/wp\/v2\/types\/post"}],"author":[{"embeddable":true,"href":"https:\/\/munigoicoechea.go.cr\/inicio\/wp-json\/wp\/v2\/users\/39"}],"replies":[{"embeddable":true,"href":"https:\/\/munigoicoechea.go.cr\/inicio\/wp-json\/wp\/v2\/comments?post=13329"}],"version-history":[{"count":1,"href":"https:\/\/munigoicoechea.go.cr\/inicio\/wp-json\/wp\/v2\/posts\/13329\/revisions"}],"predecessor-version":[{"id":13331,"href":"https:\/\/munigoicoechea.go.cr\/inicio\/wp-json\/wp\/v2\/posts\/13329\/revisions\/13331"}],"wp:featuredmedia":[{"embeddable":true,"href":"https:\/\/munigoicoechea.go.cr\/inicio\/wp-json\/wp\/v2\/media\/13330"}],"wp:attachment":[{"href":"https:\/\/munigoicoechea.go.cr\/inicio\/wp-json\/wp\/v2\/media?parent=13329"}],"wp:term":[{"taxonomy":"category","embeddable":true,"href":"https:\/\/munigoicoechea.go.cr\/inicio\/wp-json\/wp\/v2\/categories?post=13329"},{"taxonomy":"post_tag","embeddable":true,"href":"https:\/\/munigoicoechea.go.cr\/inicio\/wp-json\/wp\/v2\/tags?post=13329"}],"curies":[{"name":"wp","href":"https:\/\/api.w.org\/{rel}","templated":true}]}}