{"id":7843,"date":"2021-12-16T23:23:31","date_gmt":"2021-12-16T23:23:31","guid":{"rendered":"https:\/\/munigoicoechea.go.cr\/inicio\/?p=7843"},"modified":"2021-12-17T16:48:23","modified_gmt":"2021-12-17T16:48:23","slug":"surfista-de-ipis-conquista-un-sueno-de-bronce","status":"publish","type":"post","link":"https:\/\/munigoicoechea.go.cr\/inicio\/2021\/12\/16\/surfista-de-ipis-conquista-un-sueno-de-bronce\/","title":{"rendered":"Surfista de Ip\u00eds conquista un sue\u00f1o de bronce"},"content":{"rendered":"\n<p>Juan Manuel Camacho Solano gan\u00f3 medalla de bronce en el Mundial de Surf Adaptado, que se celebr\u00f3 del 7 al 11 de diciembre del 2021, en Prismo Beach, California, Estados Unidos.<\/p>\n\n\n\n<div class=\"wp-block-image\"><figure class=\"aligncenter size-full is-resized\"><img data-recalc-dims=\"1\" fetchpriority=\"high\" decoding=\"async\" src=\"https:\/\/i0.wp.com\/munigoicoechea.go.cr\/inicio\/wp-content\/uploads\/2021\/12\/juanma-camacho.jpg?resize=780%2C470&#038;ssl=1\" alt=\"Juan Manuel Camacho vive en el residencial Bruno Mart\u00ednez, en Ip\u00eds. Es un domador de olas.\" class=\"wp-image-7840\" width=\"780\" height=\"470\" srcset=\"https:\/\/i0.wp.com\/munigoicoechea.go.cr\/inicio\/wp-content\/uploads\/2021\/12\/juanma-camacho.jpg?w=780&amp;ssl=1 780w, https:\/\/i0.wp.com\/munigoicoechea.go.cr\/inicio\/wp-content\/uploads\/2021\/12\/juanma-camacho.jpg?resize=300%2C181&amp;ssl=1 300w, https:\/\/i0.wp.com\/munigoicoechea.go.cr\/inicio\/wp-content\/uploads\/2021\/12\/juanma-camacho.jpg?resize=768%2C463&amp;ssl=1 768w\" sizes=\"(max-width: 780px) 100vw, 780px\" \/><figcaption>Juan Manuel Camacho vive en el residencial Bruno Mart\u00ednez, en Ip\u00eds. Es un domador de olas. Foto: surfingnationmag.<\/figcaption><\/figure><\/div>\n\n\n\n<p>Esta es la quinta experiencia mundialista del deportista, quien reside en la urbanizaci\u00f3n Bruno Mart\u00ednez, Ip\u00eds; \u00e9l se posicion\u00f3 como tercer lugar del planeta en su categor\u00eda llamada waveski (sit on top), que consiste en domar las olas, mientras va sentado sobre una tabla especial y sostiene un remo, que mueve constantemente para mantenerse sobre el mar.<\/p>\n\n\n\n<p>Camacho Solano es tesorero de la Asociaci\u00f3n Deportiva de Surf Adaptado de Costa Rica, recreacionista, profesional en Ciencias del Movimiento Humano y m\u00e1ster en Recreaci\u00f3n, miembro del equipo de la Oficina de Bienestar y Salud de la Universidad de Costa Rica (UCR) y profesor en esa casa de ense\u00f1anza.<\/p>\n\n\n\n<div class=\"wp-block-image\"><figure class=\"aligncenter size-full\"><img data-recalc-dims=\"1\" decoding=\"async\" width=\"540\" height=\"359\" src=\"https:\/\/i0.wp.com\/munigoicoechea.go.cr\/inicio\/wp-content\/uploads\/2021\/12\/juanmanuel-camacho.jpg?resize=540%2C359&#038;ssl=1\" alt=\"\" class=\"wp-image-7842\" srcset=\"https:\/\/i0.wp.com\/munigoicoechea.go.cr\/inicio\/wp-content\/uploads\/2021\/12\/juanmanuel-camacho.jpg?w=540&amp;ssl=1 540w, https:\/\/i0.wp.com\/munigoicoechea.go.cr\/inicio\/wp-content\/uploads\/2021\/12\/juanmanuel-camacho.jpg?resize=300%2C199&amp;ssl=1 300w\" sizes=\"(max-width: 540px) 100vw, 540px\" \/><figcaption>La categor\u00eda waveski tiene un alto grado de dificultad.<\/figcaption><\/figure><\/div>\n\n\n\n<p>Su vida cambi\u00f3 en junio del 2006, cuando en un intento de bajonazo dos delincuentes lo hirieron en la espalda de un balazo, en Sabanilla, frente a su antiguo domicilio. El disparo toc\u00f3 la m\u00e9dula y la lesi\u00f3n lo dej\u00f3 en silla de ruedas para siempre.<\/p>\n\n\n\n<p>Eso no derrumb\u00f3 sus sue\u00f1os y sigui\u00f3 adelante. Desde peque\u00f1o ha sido un amante del mar; tuvo el ejemplo de sus padres, quienes compitieron alguna vez en aguas abiertas y all\u00ed se enamor\u00f3 de las olas.<\/p>\n\n\n\n<p>\u00abEl surf siempre ha sido un medio para desestresarme, para hacer actividad f\u00edsica. Siempre ha significado un medio por el que me siento libre, lleno y feliz. Significa mucho en mi vida\u00bb, comparti\u00f3 Juan Manuel.<\/p>\n\n\n\n<p>Conoci\u00f3 la disciplina de surf adaptado poco despu\u00e9s de que se organiz\u00f3 el primer Mundial, en el 2015. Para ese momento, hab\u00eda concretado una fundaci\u00f3n, en la que una de las actividades consist\u00eda en llevar a surfear a j\u00f3venes con discapacidad a diferentes playas del pa\u00eds.<\/p>\n\n\n\n<div class=\"wp-block-image\"><figure class=\"aligncenter size-full\"><img data-recalc-dims=\"1\" decoding=\"async\" width=\"643\" height=\"500\" src=\"https:\/\/i0.wp.com\/munigoicoechea.go.cr\/inicio\/wp-content\/uploads\/2021\/12\/juanmanuel-c.jpg?resize=643%2C500&#038;ssl=1\" alt=\"\" class=\"wp-image-7841\" srcset=\"https:\/\/i0.wp.com\/munigoicoechea.go.cr\/inicio\/wp-content\/uploads\/2021\/12\/juanmanuel-c.jpg?w=643&amp;ssl=1 643w, https:\/\/i0.wp.com\/munigoicoechea.go.cr\/inicio\/wp-content\/uploads\/2021\/12\/juanmanuel-c.jpg?resize=300%2C233&amp;ssl=1 300w\" sizes=\"(max-width: 643px) 100vw, 643px\" \/><figcaption>Juan Manuel es profesor en la Universidad de Costa Rica.<\/figcaption><\/figure><\/div>\n\n\n\n<p>Poco despu\u00e9s, le lleg\u00f3 la convocatoria a la Selecci\u00f3n Nacional de Surf Adaptado y el fin de semana anterior al fin logr\u00f3 lo que tant\u00f3 esper\u00f3; subir al podio.<\/p>\n\n\n\n<p>\u00abSurfear por s\u00ed solo es muy complicado, es algo que requiere disciplina y dedicaci\u00f3n. Despu\u00e9s del intento de asalto yo comenc\u00e9 a surfear e iba acostado sobre la tabla. Ahora voy sentado con un remo. Es complicado, tiene todo un proceso de formaci\u00f3n. Han pasado bastantes a\u00f1os para llegar al podio. Le dedico esto a Dios, a mi familia, a todos los compa\u00f1eros de surf adaptado y de la Universidad de Costa Rica\u00bb, manifest\u00f3.<\/p>\n\n\n\n<p>El Mundial de Surf Adaptado es un evento que organiza la International Surfing Association (ISA), m\u00e1ximo ente del surf.<\/p>\n\n\n\n<p>En esta competici\u00f3n, la Selecci\u00f3n Nacional de Surf Adaptado consigui\u00f3: medalla de cobre por naciones, dos medallas de oro, una medalla de plata, dos medallas de bronce y una medalla de cobre y se ubic\u00f3 en el cuarto puesto por equipos a nivel mundial.<\/p>\n","protected":false},"excerpt":{"rendered":"<p>Juan Manuel Camacho Solano gan\u00f3 medalla de bronce en el Mundial de Surf Adaptado, que se celebr\u00f3 del 7 al 11 de diciembre del 2021, en Prismo Beach, California, Estados Unidos. Esta es la quinta experiencia mundialista del deportista, quien reside en la urbanizaci\u00f3n Bruno Mart\u00ednez, Ip\u00eds; \u00e9l se posicion\u00f3 como tercer lugar del planeta [&hellip;]<\/p>\n","protected":false},"author":38,"featured_media":7840,"comment_status":"open","ping_status":"closed","sticky":false,"template":"","format":"standard","meta":{"_monsterinsights_skip_tracking":false,"_monsterinsights_sitenote_active":false,"_monsterinsights_sitenote_note":"","_monsterinsights_sitenote_category":0,"_jetpack_memberships_contains_paid_content":false,"_joinchat":[],"footnotes":""},"categories":[13],"tags":[29,27,28],"class_list":["post-7843","post","type-post","status-publish","format-standard","has-post-thumbnail","hentry","category-noticias","tag-ipis","tag-juan-manuel-camacho-solano","tag-mundial-de-surf-adaptado"],"aioseo_notices":[],"yoast_head":"<!-- This site is optimized with the Yoast SEO plugin v27.1.1 - https:\/\/yoast.com\/product\/yoast-seo-wordpress\/ -->\n<title>Surfista de Ip\u00eds conquista un sue\u00f1o de bronce &#8211; Municipalidad de Goicoechea<\/title>\n<meta name=\"robots\" content=\"index, follow, max-snippet:-1, max-image-preview:large, max-video-preview:-1\" \/>\n<link rel=\"canonical\" href=\"https:\/\/munigoicoechea.go.cr\/inicio\/2021\/12\/16\/surfista-de-ipis-conquista-un-sueno-de-bronce\/\" \/>\n<meta property=\"og:locale\" content=\"es_ES\" \/>\n<meta property=\"og:type\" content=\"article\" \/>\n<meta property=\"og:title\" content=\"Surfista de Ip\u00eds conquista un sue\u00f1o de bronce &#8211; Municipalidad de Goicoechea\" \/>\n<meta property=\"og:description\" content=\"Juan Manuel Camacho Solano gan\u00f3 medalla de bronce en el Mundial de Surf Adaptado, que se celebr\u00f3 del 7 al 11 de diciembre del 2021, en Prismo Beach, California, Estados Unidos. Esta es la quinta experiencia mundialista del deportista, quien reside en la urbanizaci\u00f3n Bruno Mart\u00ednez, Ip\u00eds; \u00e9l se posicion\u00f3 como tercer lugar del planeta [&hellip;]\" \/>\n<meta property=\"og:url\" content=\"https:\/\/munigoicoechea.go.cr\/inicio\/2021\/12\/16\/surfista-de-ipis-conquista-un-sueno-de-bronce\/\" \/>\n<meta property=\"og:site_name\" content=\"Municipalidad de Goicoechea\" \/>\n<meta property=\"article:publisher\" content=\"https:\/\/www.facebook.com\/munigoicooficial\/\" \/>\n<meta property=\"article:published_time\" content=\"2021-12-16T23:23:31+00:00\" \/>\n<meta property=\"article:modified_time\" content=\"2021-12-17T16:48:23+00:00\" \/>\n<meta property=\"og:image\" content=\"https:\/\/munigoicoechea.go.cr\/inicio\/wp-content\/uploads\/2021\/12\/juanma-camacho.jpg\" \/>\n\t<meta property=\"og:image:width\" content=\"780\" \/>\n\t<meta property=\"og:image:height\" content=\"470\" \/>\n\t<meta property=\"og:image:type\" content=\"image\/jpeg\" \/>\n<meta name=\"author\" content=\"Roberto Acosta\" \/>\n<meta name=\"twitter:card\" content=\"summary_large_image\" \/>\n<meta name=\"twitter:label1\" content=\"Escrito por\" \/>\n\t<meta name=\"twitter:data1\" content=\"Roberto Acosta\" \/>\n\t<meta name=\"twitter:label2\" content=\"Tiempo de lectura\" \/>\n\t<meta name=\"twitter:data2\" content=\"3 minutos\" \/>\n<script type=\"application\/ld+json\" class=\"yoast-schema-graph\">{\"@context\":\"https:\/\/schema.org\",\"@graph\":[{\"@type\":\"Article\",\"@id\":\"https:\/\/munigoicoechea.go.cr\/inicio\/2021\/12\/16\/surfista-de-ipis-conquista-un-sueno-de-bronce\/#article\",\"isPartOf\":{\"@id\":\"https:\/\/munigoicoechea.go.cr\/inicio\/2021\/12\/16\/surfista-de-ipis-conquista-un-sueno-de-bronce\/\"},\"author\":{\"name\":\"Roberto Acosta\",\"@id\":\"https:\/\/munigoicoechea.go.cr\/inicio\/#\/schema\/person\/981fe0634f80a7634743a82c88a0c66a\"},\"headline\":\"Surfista de Ip\u00eds conquista un sue\u00f1o de bronce\",\"datePublished\":\"2021-12-16T23:23:31+00:00\",\"dateModified\":\"2021-12-17T16:48:23+00:00\",\"mainEntityOfPage\":{\"@id\":\"https:\/\/munigoicoechea.go.cr\/inicio\/2021\/12\/16\/surfista-de-ipis-conquista-un-sueno-de-bronce\/\"},\"wordCount\":540,\"commentCount\":0,\"publisher\":{\"@id\":\"https:\/\/munigoicoechea.go.cr\/inicio\/#organization\"},\"image\":{\"@id\":\"https:\/\/munigoicoechea.go.cr\/inicio\/2021\/12\/16\/surfista-de-ipis-conquista-un-sueno-de-bronce\/#primaryimage\"},\"thumbnailUrl\":\"https:\/\/i0.wp.com\/munigoicoechea.go.cr\/inicio\/wp-content\/uploads\/2021\/12\/juanma-camacho.jpg?fit=780%2C470&ssl=1\",\"keywords\":[\"Ip\u00eds\",\"Juan Manuel Camacho Solano\",\"Mundial de Surf Adaptado\"],\"articleSection\":[\"Noticias\"],\"inLanguage\":\"es\",\"potentialAction\":[{\"@type\":\"CommentAction\",\"name\":\"Comment\",\"target\":[\"https:\/\/munigoicoechea.go.cr\/inicio\/2021\/12\/16\/surfista-de-ipis-conquista-un-sueno-de-bronce\/#respond\"]}]},{\"@type\":\"WebPage\",\"@id\":\"https:\/\/munigoicoechea.go.cr\/inicio\/2021\/12\/16\/surfista-de-ipis-conquista-un-sueno-de-bronce\/\",\"url\":\"https:\/\/munigoicoechea.go.cr\/inicio\/2021\/12\/16\/surfista-de-ipis-conquista-un-sueno-de-bronce\/\",\"name\":\"Surfista de Ip\u00eds conquista un sue\u00f1o de bronce &#8211; Municipalidad de Goicoechea\",\"isPartOf\":{\"@id\":\"https:\/\/munigoicoechea.go.cr\/inicio\/#website\"},\"primaryImageOfPage\":{\"@id\":\"https:\/\/munigoicoechea.go.cr\/inicio\/2021\/12\/16\/surfista-de-ipis-conquista-un-sueno-de-bronce\/#primaryimage\"},\"image\":{\"@id\":\"https:\/\/munigoicoechea.go.cr\/inicio\/2021\/12\/16\/surfista-de-ipis-conquista-un-sueno-de-bronce\/#primaryimage\"},\"thumbnailUrl\":\"https:\/\/i0.wp.com\/munigoicoechea.go.cr\/inicio\/wp-content\/uploads\/2021\/12\/juanma-camacho.jpg?fit=780%2C470&ssl=1\",\"datePublished\":\"2021-12-16T23:23:31+00:00\",\"dateModified\":\"2021-12-17T16:48:23+00:00\",\"breadcrumb\":{\"@id\":\"https:\/\/munigoicoechea.go.cr\/inicio\/2021\/12\/16\/surfista-de-ipis-conquista-un-sueno-de-bronce\/#breadcrumb\"},\"inLanguage\":\"es\",\"potentialAction\":[{\"@type\":\"ReadAction\",\"target\":[\"https:\/\/munigoicoechea.go.cr\/inicio\/2021\/12\/16\/surfista-de-ipis-conquista-un-sueno-de-bronce\/\"]}]},{\"@type\":\"ImageObject\",\"inLanguage\":\"es\",\"@id\":\"https:\/\/munigoicoechea.go.cr\/inicio\/2021\/12\/16\/surfista-de-ipis-conquista-un-sueno-de-bronce\/#primaryimage\",\"url\":\"https:\/\/i0.wp.com\/munigoicoechea.go.cr\/inicio\/wp-content\/uploads\/2021\/12\/juanma-camacho.jpg?fit=780%2C470&ssl=1\",\"contentUrl\":\"https:\/\/i0.wp.com\/munigoicoechea.go.cr\/inicio\/wp-content\/uploads\/2021\/12\/juanma-camacho.jpg?fit=780%2C470&ssl=1\",\"width\":780,\"height\":470,\"caption\":\"Imagen de Noticias\"},{\"@type\":\"BreadcrumbList\",\"@id\":\"https:\/\/munigoicoechea.go.cr\/inicio\/2021\/12\/16\/surfista-de-ipis-conquista-un-sueno-de-bronce\/#breadcrumb\",\"itemListElement\":[{\"@type\":\"ListItem\",\"position\":1,\"name\":\"Portada\",\"item\":\"https:\/\/munigoicoechea.go.cr\/inicio\/\"},{\"@type\":\"ListItem\",\"position\":2,\"name\":\"Surfista de Ip\u00eds conquista un sue\u00f1o de bronce\"}]},{\"@type\":\"WebSite\",\"@id\":\"https:\/\/munigoicoechea.go.cr\/inicio\/#website\",\"url\":\"https:\/\/munigoicoechea.go.cr\/inicio\/\",\"name\":\"Municipalidad de Goicoechea\",\"description\":\"\u00a1Hacemos que las cosas sucedan!\",\"publisher\":{\"@id\":\"https:\/\/munigoicoechea.go.cr\/inicio\/#organization\"},\"potentialAction\":[{\"@type\":\"SearchAction\",\"target\":{\"@type\":\"EntryPoint\",\"urlTemplate\":\"https:\/\/munigoicoechea.go.cr\/inicio\/?s={search_term_string}\"},\"query-input\":{\"@type\":\"PropertyValueSpecification\",\"valueRequired\":true,\"valueName\":\"search_term_string\"}}],\"inLanguage\":\"es\"},{\"@type\":\"Organization\",\"@id\":\"https:\/\/munigoicoechea.go.cr\/inicio\/#organization\",\"name\":\"Municipalidad de Goicoechea\",\"url\":\"https:\/\/munigoicoechea.go.cr\/inicio\/\",\"logo\":{\"@type\":\"ImageObject\",\"inLanguage\":\"es\",\"@id\":\"https:\/\/munigoicoechea.go.cr\/inicio\/#\/schema\/logo\/image\/\",\"url\":\"https:\/\/i0.wp.com\/munigoicoechea.go.cr\/inicio\/wp-content\/uploads\/2021\/09\/cropped-cropped-Logo_Oficial-300x290-1.png?fit=512%2C512&ssl=1\",\"contentUrl\":\"https:\/\/i0.wp.com\/munigoicoechea.go.cr\/inicio\/wp-content\/uploads\/2021\/09\/cropped-cropped-Logo_Oficial-300x290-1.png?fit=512%2C512&ssl=1\",\"width\":512,\"height\":512,\"caption\":\"Municipalidad de Goicoechea\"},\"image\":{\"@id\":\"https:\/\/munigoicoechea.go.cr\/inicio\/#\/schema\/logo\/image\/\"},\"sameAs\":[\"https:\/\/www.facebook.com\/munigoicooficial\/\",\"https:\/\/www.youtube.com\/channel\/UCdAVgrbooTmXJlBeYMusKiA?reload=9\"]},{\"@type\":\"Person\",\"@id\":\"https:\/\/munigoicoechea.go.cr\/inicio\/#\/schema\/person\/981fe0634f80a7634743a82c88a0c66a\",\"name\":\"Roberto Acosta\",\"image\":{\"@type\":\"ImageObject\",\"inLanguage\":\"es\",\"@id\":\"https:\/\/munigoicoechea.go.cr\/inicio\/#\/schema\/person\/image\/\",\"url\":\"https:\/\/secure.gravatar.com\/avatar\/25356dec1ccdc82bd3082018eb132ac434c8b0ca5179bdc5d88de5fdb4b7b3cd?s=96&d=mm&r=g\",\"contentUrl\":\"https:\/\/secure.gravatar.com\/avatar\/25356dec1ccdc82bd3082018eb132ac434c8b0ca5179bdc5d88de5fdb4b7b3cd?s=96&d=mm&r=g\",\"caption\":\"Roberto Acosta\"},\"url\":\"https:\/\/munigoicoechea.go.cr\/inicio\/author\/roberto-acosta\/\"}]}<\/script>\n<!-- \/ Yoast SEO plugin. -->","yoast_head_json":{"title":"Surfista de Ip\u00eds conquista un sue\u00f1o de bronce &#8211; Municipalidad de Goicoechea","robots":{"index":"index","follow":"follow","max-snippet":"max-snippet:-1","max-image-preview":"max-image-preview:large","max-video-preview":"max-video-preview:-1"},"canonical":"https:\/\/munigoicoechea.go.cr\/inicio\/2021\/12\/16\/surfista-de-ipis-conquista-un-sueno-de-bronce\/","og_locale":"es_ES","og_type":"article","og_title":"Surfista de Ip\u00eds conquista un sue\u00f1o de bronce &#8211; Municipalidad de Goicoechea","og_description":"Juan Manuel Camacho Solano gan\u00f3 medalla de bronce en el Mundial de Surf Adaptado, que se celebr\u00f3 del 7 al 11 de diciembre del 2021, en Prismo Beach, California, Estados Unidos. Esta es la quinta experiencia mundialista del deportista, quien reside en la urbanizaci\u00f3n Bruno Mart\u00ednez, Ip\u00eds; \u00e9l se posicion\u00f3 como tercer lugar del planeta [&hellip;]","og_url":"https:\/\/munigoicoechea.go.cr\/inicio\/2021\/12\/16\/surfista-de-ipis-conquista-un-sueno-de-bronce\/","og_site_name":"Municipalidad de Goicoechea","article_publisher":"https:\/\/www.facebook.com\/munigoicooficial\/","article_published_time":"2021-12-16T23:23:31+00:00","article_modified_time":"2021-12-17T16:48:23+00:00","og_image":[{"width":780,"height":470,"url":"https:\/\/munigoicoechea.go.cr\/inicio\/wp-content\/uploads\/2021\/12\/juanma-camacho.jpg","type":"image\/jpeg"}],"author":"Roberto Acosta","twitter_card":"summary_large_image","twitter_misc":{"Escrito por":"Roberto Acosta","Tiempo de lectura":"3 minutos"},"schema":{"@context":"https:\/\/schema.org","@graph":[{"@type":"Article","@id":"https:\/\/munigoicoechea.go.cr\/inicio\/2021\/12\/16\/surfista-de-ipis-conquista-un-sueno-de-bronce\/#article","isPartOf":{"@id":"https:\/\/munigoicoechea.go.cr\/inicio\/2021\/12\/16\/surfista-de-ipis-conquista-un-sueno-de-bronce\/"},"author":{"name":"Roberto Acosta","@id":"https:\/\/munigoicoechea.go.cr\/inicio\/#\/schema\/person\/981fe0634f80a7634743a82c88a0c66a"},"headline":"Surfista de Ip\u00eds conquista un sue\u00f1o de bronce","datePublished":"2021-12-16T23:23:31+00:00","dateModified":"2021-12-17T16:48:23+00:00","mainEntityOfPage":{"@id":"https:\/\/munigoicoechea.go.cr\/inicio\/2021\/12\/16\/surfista-de-ipis-conquista-un-sueno-de-bronce\/"},"wordCount":540,"commentCount":0,"publisher":{"@id":"https:\/\/munigoicoechea.go.cr\/inicio\/#organization"},"image":{"@id":"https:\/\/munigoicoechea.go.cr\/inicio\/2021\/12\/16\/surfista-de-ipis-conquista-un-sueno-de-bronce\/#primaryimage"},"thumbnailUrl":"https:\/\/i0.wp.com\/munigoicoechea.go.cr\/inicio\/wp-content\/uploads\/2021\/12\/juanma-camacho.jpg?fit=780%2C470&ssl=1","keywords":["Ip\u00eds","Juan Manuel Camacho Solano","Mundial de Surf Adaptado"],"articleSection":["Noticias"],"inLanguage":"es","potentialAction":[{"@type":"CommentAction","name":"Comment","target":["https:\/\/munigoicoechea.go.cr\/inicio\/2021\/12\/16\/surfista-de-ipis-conquista-un-sueno-de-bronce\/#respond"]}]},{"@type":"WebPage","@id":"https:\/\/munigoicoechea.go.cr\/inicio\/2021\/12\/16\/surfista-de-ipis-conquista-un-sueno-de-bronce\/","url":"https:\/\/munigoicoechea.go.cr\/inicio\/2021\/12\/16\/surfista-de-ipis-conquista-un-sueno-de-bronce\/","name":"Surfista de Ip\u00eds conquista un sue\u00f1o de bronce &#8211; Municipalidad de Goicoechea","isPartOf":{"@id":"https:\/\/munigoicoechea.go.cr\/inicio\/#website"},"primaryImageOfPage":{"@id":"https:\/\/munigoicoechea.go.cr\/inicio\/2021\/12\/16\/surfista-de-ipis-conquista-un-sueno-de-bronce\/#primaryimage"},"image":{"@id":"https:\/\/munigoicoechea.go.cr\/inicio\/2021\/12\/16\/surfista-de-ipis-conquista-un-sueno-de-bronce\/#primaryimage"},"thumbnailUrl":"https:\/\/i0.wp.com\/munigoicoechea.go.cr\/inicio\/wp-content\/uploads\/2021\/12\/juanma-camacho.jpg?fit=780%2C470&ssl=1","datePublished":"2021-12-16T23:23:31+00:00","dateModified":"2021-12-17T16:48:23+00:00","breadcrumb":{"@id":"https:\/\/munigoicoechea.go.cr\/inicio\/2021\/12\/16\/surfista-de-ipis-conquista-un-sueno-de-bronce\/#breadcrumb"},"inLanguage":"es","potentialAction":[{"@type":"ReadAction","target":["https:\/\/munigoicoechea.go.cr\/inicio\/2021\/12\/16\/surfista-de-ipis-conquista-un-sueno-de-bronce\/"]}]},{"@type":"ImageObject","inLanguage":"es","@id":"https:\/\/munigoicoechea.go.cr\/inicio\/2021\/12\/16\/surfista-de-ipis-conquista-un-sueno-de-bronce\/#primaryimage","url":"https:\/\/i0.wp.com\/munigoicoechea.go.cr\/inicio\/wp-content\/uploads\/2021\/12\/juanma-camacho.jpg?fit=780%2C470&ssl=1","contentUrl":"https:\/\/i0.wp.com\/munigoicoechea.go.cr\/inicio\/wp-content\/uploads\/2021\/12\/juanma-camacho.jpg?fit=780%2C470&ssl=1","width":780,"height":470,"caption":"Imagen de Noticias"},{"@type":"BreadcrumbList","@id":"https:\/\/munigoicoechea.go.cr\/inicio\/2021\/12\/16\/surfista-de-ipis-conquista-un-sueno-de-bronce\/#breadcrumb","itemListElement":[{"@type":"ListItem","position":1,"name":"Portada","item":"https:\/\/munigoicoechea.go.cr\/inicio\/"},{"@type":"ListItem","position":2,"name":"Surfista de Ip\u00eds conquista un sue\u00f1o de bronce"}]},{"@type":"WebSite","@id":"https:\/\/munigoicoechea.go.cr\/inicio\/#website","url":"https:\/\/munigoicoechea.go.cr\/inicio\/","name":"Municipalidad de Goicoechea","description":"\u00a1Hacemos que las cosas sucedan!","publisher":{"@id":"https:\/\/munigoicoechea.go.cr\/inicio\/#organization"},"potentialAction":[{"@type":"SearchAction","target":{"@type":"EntryPoint","urlTemplate":"https:\/\/munigoicoechea.go.cr\/inicio\/?s={search_term_string}"},"query-input":{"@type":"PropertyValueSpecification","valueRequired":true,"valueName":"search_term_string"}}],"inLanguage":"es"},{"@type":"Organization","@id":"https:\/\/munigoicoechea.go.cr\/inicio\/#organization","name":"Municipalidad de Goicoechea","url":"https:\/\/munigoicoechea.go.cr\/inicio\/","logo":{"@type":"ImageObject","inLanguage":"es","@id":"https:\/\/munigoicoechea.go.cr\/inicio\/#\/schema\/logo\/image\/","url":"https:\/\/i0.wp.com\/munigoicoechea.go.cr\/inicio\/wp-content\/uploads\/2021\/09\/cropped-cropped-Logo_Oficial-300x290-1.png?fit=512%2C512&ssl=1","contentUrl":"https:\/\/i0.wp.com\/munigoicoechea.go.cr\/inicio\/wp-content\/uploads\/2021\/09\/cropped-cropped-Logo_Oficial-300x290-1.png?fit=512%2C512&ssl=1","width":512,"height":512,"caption":"Municipalidad de Goicoechea"},"image":{"@id":"https:\/\/munigoicoechea.go.cr\/inicio\/#\/schema\/logo\/image\/"},"sameAs":["https:\/\/www.facebook.com\/munigoicooficial\/","https:\/\/www.youtube.com\/channel\/UCdAVgrbooTmXJlBeYMusKiA?reload=9"]},{"@type":"Person","@id":"https:\/\/munigoicoechea.go.cr\/inicio\/#\/schema\/person\/981fe0634f80a7634743a82c88a0c66a","name":"Roberto Acosta","image":{"@type":"ImageObject","inLanguage":"es","@id":"https:\/\/munigoicoechea.go.cr\/inicio\/#\/schema\/person\/image\/","url":"https:\/\/secure.gravatar.com\/avatar\/25356dec1ccdc82bd3082018eb132ac434c8b0ca5179bdc5d88de5fdb4b7b3cd?s=96&d=mm&r=g","contentUrl":"https:\/\/secure.gravatar.com\/avatar\/25356dec1ccdc82bd3082018eb132ac434c8b0ca5179bdc5d88de5fdb4b7b3cd?s=96&d=mm&r=g","caption":"Roberto Acosta"},"url":"https:\/\/munigoicoechea.go.cr\/inicio\/author\/roberto-acosta\/"}]}},"jetpack_featured_media_url":"https:\/\/i0.wp.com\/munigoicoechea.go.cr\/inicio\/wp-content\/uploads\/2021\/12\/juanma-camacho.jpg?fit=780%2C470&ssl=1","jetpack_sharing_enabled":true,"_links":{"self":[{"href":"https:\/\/munigoicoechea.go.cr\/inicio\/wp-json\/wp\/v2\/posts\/7843","targetHints":{"allow":["GET"]}}],"collection":[{"href":"https:\/\/munigoicoechea.go.cr\/inicio\/wp-json\/wp\/v2\/posts"}],"about":[{"href":"https:\/\/munigoicoechea.go.cr\/inicio\/wp-json\/wp\/v2\/types\/post"}],"author":[{"embeddable":true,"href":"https:\/\/munigoicoechea.go.cr\/inicio\/wp-json\/wp\/v2\/users\/38"}],"replies":[{"embeddable":true,"href":"https:\/\/munigoicoechea.go.cr\/inicio\/wp-json\/wp\/v2\/comments?post=7843"}],"version-history":[{"count":3,"href":"https:\/\/munigoicoechea.go.cr\/inicio\/wp-json\/wp\/v2\/posts\/7843\/revisions"}],"predecessor-version":[{"id":7848,"href":"https:\/\/munigoicoechea.go.cr\/inicio\/wp-json\/wp\/v2\/posts\/7843\/revisions\/7848"}],"wp:featuredmedia":[{"embeddable":true,"href":"https:\/\/munigoicoechea.go.cr\/inicio\/wp-json\/wp\/v2\/media\/7840"}],"wp:attachment":[{"href":"https:\/\/munigoicoechea.go.cr\/inicio\/wp-json\/wp\/v2\/media?parent=7843"}],"wp:term":[{"taxonomy":"category","embeddable":true,"href":"https:\/\/munigoicoechea.go.cr\/inicio\/wp-json\/wp\/v2\/categories?post=7843"},{"taxonomy":"post_tag","embeddable":true,"href":"https:\/\/munigoicoechea.go.cr\/inicio\/wp-json\/wp\/v2\/tags?post=7843"}],"curies":[{"name":"wp","href":"https:\/\/api.w.org\/{rel}","templated":true}]}}