{"id":9926,"date":"2022-11-23T20:13:33","date_gmt":"2022-11-23T20:13:33","guid":{"rendered":"https:\/\/munigoicoechea.go.cr\/inicio\/?p=9926"},"modified":"2022-11-23T20:13:38","modified_gmt":"2022-11-23T20:13:38","slug":"ofim-goicoechea-expone-necesidad-de-reforzar-acciones-que-protejan-a-las-mujeres","status":"publish","type":"post","link":"https:\/\/munigoicoechea.go.cr\/inicio\/2022\/11\/23\/ofim-goicoechea-expone-necesidad-de-reforzar-acciones-que-protejan-a-las-mujeres\/","title":{"rendered":"OFIM Goicoechea expone necesidad de reforzar acciones que protejan a las mujeres"},"content":{"rendered":"\n<p>En el marco de la conmemoraci\u00f3n del D\u00eda Internacional de la Eliminaci\u00f3n de la Violencia contra la Mujer, que se conmemora el 25 de noviembre, surge la necesidad de sensibilizar a las instituciones y reflexionar sobre c\u00f3mo crear acciones para prevenir y sancionar la violencia contra las mujeres.<\/p>\n\n\n\n<p>Adriana Villalobos, jefa de la Oficina de la Mujer (OFIM) de la Municipalidad de Goicoechea, expuso el tema en un encuentro que se celebr\u00f3 con la Uni\u00f3n Nacional de Gobiernos Locales (UNGL), la Municipalidad de San Jos\u00e9, la Red de Oficinas de la Mujer (Red OFIM) y la Oficina Antinarc\u00f3ticos, Seguridad Ciudadana y Justicia (INL) de la Embajada de Estados Unidos, en Costa Rica.<\/p>\n\n\n\n<figure class=\"wp-block-image size-large\"><img data-recalc-dims=\"1\" fetchpriority=\"high\" decoding=\"async\" width=\"800\" height=\"325\" src=\"https:\/\/i0.wp.com\/munigoicoechea.go.cr\/inicio\/wp-content\/uploads\/2022\/11\/ofim-unglu.jpg?resize=800%2C325&#038;ssl=1\" alt=\"\" class=\"wp-image-9925\" srcset=\"https:\/\/i0.wp.com\/munigoicoechea.go.cr\/inicio\/wp-content\/uploads\/2022\/11\/ofim-unglu.jpg?resize=1024%2C416&amp;ssl=1 1024w, https:\/\/i0.wp.com\/munigoicoechea.go.cr\/inicio\/wp-content\/uploads\/2022\/11\/ofim-unglu.jpg?resize=300%2C122&amp;ssl=1 300w, https:\/\/i0.wp.com\/munigoicoechea.go.cr\/inicio\/wp-content\/uploads\/2022\/11\/ofim-unglu.jpg?resize=768%2C312&amp;ssl=1 768w, https:\/\/i0.wp.com\/munigoicoechea.go.cr\/inicio\/wp-content\/uploads\/2022\/11\/ofim-unglu.jpg?resize=600%2C244&amp;ssl=1 600w, https:\/\/i0.wp.com\/munigoicoechea.go.cr\/inicio\/wp-content\/uploads\/2022\/11\/ofim-unglu.jpg?w=1200&amp;ssl=1 1200w\" sizes=\"(max-width: 800px) 100vw, 800px\" \/><figcaption class=\"wp-element-caption\">Mujeres de la Polic\u00eda Municipal de Goicoechea; la vicealcaldesa, Irene Campos, y Adriana Villalobos, jefa de la OFIM, participaron en la actividad.<\/figcaption><\/figure>\n\n\n\n<p>En la actividad participaron la vicealcaldesa de Goicoechea, Irene Campos y mujeres representantes de la Polic\u00eda Municipal de Goicoechea.<\/p>\n\n\n\n<p>Para Villalobos, es prioridad que se refuercen y desarrollen las OFIM en todo el pa\u00eds, motivar su creaci\u00f3n en las municipalidades donde no hay y trabajar con m\u00e1s firmeza en materia de violencia en cada comunidad.<\/p>\n\n\n\n<p>OFIM-Goicoechea es la coordinadora nacional de la Red OFIM y la primera en haber sido creada en el pa\u00eds, en 1996.<\/p>\n","protected":false},"excerpt":{"rendered":"<p>En el marco de la conmemoraci\u00f3n del D\u00eda Internacional de la Eliminaci\u00f3n de la Violencia contra la Mujer, que se conmemora el 25 de noviembre, surge la necesidad de sensibilizar a las instituciones y reflexionar sobre c\u00f3mo crear acciones para prevenir y sancionar la violencia contra las mujeres. Adriana Villalobos, jefa de la Oficina de [&hellip;]<\/p>\n","protected":false},"author":38,"featured_media":9924,"comment_status":"open","ping_status":"closed","sticky":false,"template":"","format":"standard","meta":{"_monsterinsights_skip_tracking":false,"_monsterinsights_sitenote_active":false,"_monsterinsights_sitenote_note":"","_monsterinsights_sitenote_category":0,"_jetpack_memberships_contains_paid_content":false,"_joinchat":[],"footnotes":""},"categories":[13],"tags":[134,15,132,70],"class_list":["post-9926","post","type-post","status-publish","format-standard","has-post-thumbnail","hentry","category-noticias","tag-inl","tag-municipalidad-de-goicoechea","tag-ofim","tag-ungl"],"aioseo_notices":[],"yoast_head":"<!-- This site is optimized with the Yoast SEO plugin v27.1.1 - https:\/\/yoast.com\/product\/yoast-seo-wordpress\/ -->\n<title>OFIM Goicoechea expone necesidad de reforzar acciones que protejan a las mujeres &#8211; Municipalidad de Goicoechea<\/title>\n<meta name=\"robots\" content=\"index, follow, max-snippet:-1, max-image-preview:large, max-video-preview:-1\" \/>\n<link rel=\"canonical\" href=\"https:\/\/munigoicoechea.go.cr\/inicio\/2022\/11\/23\/ofim-goicoechea-expone-necesidad-de-reforzar-acciones-que-protejan-a-las-mujeres\/\" \/>\n<meta property=\"og:locale\" content=\"es_ES\" \/>\n<meta property=\"og:type\" content=\"article\" \/>\n<meta property=\"og:title\" content=\"OFIM Goicoechea expone necesidad de reforzar acciones que protejan a las mujeres &#8211; Municipalidad de Goicoechea\" \/>\n<meta property=\"og:description\" content=\"En el marco de la conmemoraci\u00f3n del D\u00eda Internacional de la Eliminaci\u00f3n de la Violencia contra la Mujer, que se conmemora el 25 de noviembre, surge la necesidad de sensibilizar a las instituciones y reflexionar sobre c\u00f3mo crear acciones para prevenir y sancionar la violencia contra las mujeres. Adriana Villalobos, jefa de la Oficina de [&hellip;]\" \/>\n<meta property=\"og:url\" content=\"https:\/\/munigoicoechea.go.cr\/inicio\/2022\/11\/23\/ofim-goicoechea-expone-necesidad-de-reforzar-acciones-que-protejan-a-las-mujeres\/\" \/>\n<meta property=\"og:site_name\" content=\"Municipalidad de Goicoechea\" \/>\n<meta property=\"article:publisher\" content=\"https:\/\/www.facebook.com\/munigoicooficial\/\" \/>\n<meta property=\"article:published_time\" content=\"2022-11-23T20:13:33+00:00\" \/>\n<meta property=\"article:modified_time\" content=\"2022-11-23T20:13:38+00:00\" \/>\n<meta property=\"og:image\" content=\"https:\/\/munigoicoechea.go.cr\/inicio\/wp-content\/uploads\/2022\/11\/ofim-portadaungl.jpg\" \/>\n\t<meta property=\"og:image:width\" content=\"1560\" \/>\n\t<meta property=\"og:image:height\" content=\"960\" \/>\n\t<meta property=\"og:image:type\" content=\"image\/jpeg\" \/>\n<meta name=\"author\" content=\"Roberto Acosta\" \/>\n<meta name=\"twitter:card\" content=\"summary_large_image\" \/>\n<meta name=\"twitter:label1\" content=\"Escrito por\" \/>\n\t<meta name=\"twitter:data1\" content=\"Roberto Acosta\" \/>\n\t<meta name=\"twitter:label2\" content=\"Tiempo de lectura\" \/>\n\t<meta name=\"twitter:data2\" content=\"2 minutos\" \/>\n<script type=\"application\/ld+json\" class=\"yoast-schema-graph\">{\"@context\":\"https:\/\/schema.org\",\"@graph\":[{\"@type\":\"Article\",\"@id\":\"https:\/\/munigoicoechea.go.cr\/inicio\/2022\/11\/23\/ofim-goicoechea-expone-necesidad-de-reforzar-acciones-que-protejan-a-las-mujeres\/#article\",\"isPartOf\":{\"@id\":\"https:\/\/munigoicoechea.go.cr\/inicio\/2022\/11\/23\/ofim-goicoechea-expone-necesidad-de-reforzar-acciones-que-protejan-a-las-mujeres\/\"},\"author\":{\"name\":\"Roberto Acosta\",\"@id\":\"https:\/\/munigoicoechea.go.cr\/inicio\/#\/schema\/person\/981fe0634f80a7634743a82c88a0c66a\"},\"headline\":\"OFIM Goicoechea expone necesidad de reforzar acciones que protejan a las mujeres\",\"datePublished\":\"2022-11-23T20:13:33+00:00\",\"dateModified\":\"2022-11-23T20:13:38+00:00\",\"mainEntityOfPage\":{\"@id\":\"https:\/\/munigoicoechea.go.cr\/inicio\/2022\/11\/23\/ofim-goicoechea-expone-necesidad-de-reforzar-acciones-que-protejan-a-las-mujeres\/\"},\"wordCount\":232,\"commentCount\":0,\"publisher\":{\"@id\":\"https:\/\/munigoicoechea.go.cr\/inicio\/#organization\"},\"image\":{\"@id\":\"https:\/\/munigoicoechea.go.cr\/inicio\/2022\/11\/23\/ofim-goicoechea-expone-necesidad-de-reforzar-acciones-que-protejan-a-las-mujeres\/#primaryimage\"},\"thumbnailUrl\":\"https:\/\/i0.wp.com\/munigoicoechea.go.cr\/inicio\/wp-content\/uploads\/2022\/11\/ofim-portadaungl.jpg?fit=1560%2C960&ssl=1\",\"keywords\":[\"INL\",\"MUNICIPALIDAD DE GOICOECHEA\",\"OFIM\",\"UNGL\"],\"articleSection\":[\"Noticias\"],\"inLanguage\":\"es\",\"potentialAction\":[{\"@type\":\"CommentAction\",\"name\":\"Comment\",\"target\":[\"https:\/\/munigoicoechea.go.cr\/inicio\/2022\/11\/23\/ofim-goicoechea-expone-necesidad-de-reforzar-acciones-que-protejan-a-las-mujeres\/#respond\"]}]},{\"@type\":\"WebPage\",\"@id\":\"https:\/\/munigoicoechea.go.cr\/inicio\/2022\/11\/23\/ofim-goicoechea-expone-necesidad-de-reforzar-acciones-que-protejan-a-las-mujeres\/\",\"url\":\"https:\/\/munigoicoechea.go.cr\/inicio\/2022\/11\/23\/ofim-goicoechea-expone-necesidad-de-reforzar-acciones-que-protejan-a-las-mujeres\/\",\"name\":\"OFIM Goicoechea expone necesidad de reforzar acciones que protejan a las mujeres &#8211; Municipalidad de Goicoechea\",\"isPartOf\":{\"@id\":\"https:\/\/munigoicoechea.go.cr\/inicio\/#website\"},\"primaryImageOfPage\":{\"@id\":\"https:\/\/munigoicoechea.go.cr\/inicio\/2022\/11\/23\/ofim-goicoechea-expone-necesidad-de-reforzar-acciones-que-protejan-a-las-mujeres\/#primaryimage\"},\"image\":{\"@id\":\"https:\/\/munigoicoechea.go.cr\/inicio\/2022\/11\/23\/ofim-goicoechea-expone-necesidad-de-reforzar-acciones-que-protejan-a-las-mujeres\/#primaryimage\"},\"thumbnailUrl\":\"https:\/\/i0.wp.com\/munigoicoechea.go.cr\/inicio\/wp-content\/uploads\/2022\/11\/ofim-portadaungl.jpg?fit=1560%2C960&ssl=1\",\"datePublished\":\"2022-11-23T20:13:33+00:00\",\"dateModified\":\"2022-11-23T20:13:38+00:00\",\"breadcrumb\":{\"@id\":\"https:\/\/munigoicoechea.go.cr\/inicio\/2022\/11\/23\/ofim-goicoechea-expone-necesidad-de-reforzar-acciones-que-protejan-a-las-mujeres\/#breadcrumb\"},\"inLanguage\":\"es\",\"potentialAction\":[{\"@type\":\"ReadAction\",\"target\":[\"https:\/\/munigoicoechea.go.cr\/inicio\/2022\/11\/23\/ofim-goicoechea-expone-necesidad-de-reforzar-acciones-que-protejan-a-las-mujeres\/\"]}]},{\"@type\":\"ImageObject\",\"inLanguage\":\"es\",\"@id\":\"https:\/\/munigoicoechea.go.cr\/inicio\/2022\/11\/23\/ofim-goicoechea-expone-necesidad-de-reforzar-acciones-que-protejan-a-las-mujeres\/#primaryimage\",\"url\":\"https:\/\/i0.wp.com\/munigoicoechea.go.cr\/inicio\/wp-content\/uploads\/2022\/11\/ofim-portadaungl.jpg?fit=1560%2C960&ssl=1\",\"contentUrl\":\"https:\/\/i0.wp.com\/munigoicoechea.go.cr\/inicio\/wp-content\/uploads\/2022\/11\/ofim-portadaungl.jpg?fit=1560%2C960&ssl=1\",\"width\":1560,\"height\":960},{\"@type\":\"BreadcrumbList\",\"@id\":\"https:\/\/munigoicoechea.go.cr\/inicio\/2022\/11\/23\/ofim-goicoechea-expone-necesidad-de-reforzar-acciones-que-protejan-a-las-mujeres\/#breadcrumb\",\"itemListElement\":[{\"@type\":\"ListItem\",\"position\":1,\"name\":\"Portada\",\"item\":\"https:\/\/munigoicoechea.go.cr\/inicio\/\"},{\"@type\":\"ListItem\",\"position\":2,\"name\":\"OFIM Goicoechea expone necesidad de reforzar acciones que protejan a las mujeres\"}]},{\"@type\":\"WebSite\",\"@id\":\"https:\/\/munigoicoechea.go.cr\/inicio\/#website\",\"url\":\"https:\/\/munigoicoechea.go.cr\/inicio\/\",\"name\":\"Municipalidad de Goicoechea\",\"description\":\"\u00a1Hacemos que las cosas sucedan!\",\"publisher\":{\"@id\":\"https:\/\/munigoicoechea.go.cr\/inicio\/#organization\"},\"potentialAction\":[{\"@type\":\"SearchAction\",\"target\":{\"@type\":\"EntryPoint\",\"urlTemplate\":\"https:\/\/munigoicoechea.go.cr\/inicio\/?s={search_term_string}\"},\"query-input\":{\"@type\":\"PropertyValueSpecification\",\"valueRequired\":true,\"valueName\":\"search_term_string\"}}],\"inLanguage\":\"es\"},{\"@type\":\"Organization\",\"@id\":\"https:\/\/munigoicoechea.go.cr\/inicio\/#organization\",\"name\":\"Municipalidad de Goicoechea\",\"url\":\"https:\/\/munigoicoechea.go.cr\/inicio\/\",\"logo\":{\"@type\":\"ImageObject\",\"inLanguage\":\"es\",\"@id\":\"https:\/\/munigoicoechea.go.cr\/inicio\/#\/schema\/logo\/image\/\",\"url\":\"https:\/\/i0.wp.com\/munigoicoechea.go.cr\/inicio\/wp-content\/uploads\/2021\/09\/cropped-cropped-Logo_Oficial-300x290-1.png?fit=512%2C512&ssl=1\",\"contentUrl\":\"https:\/\/i0.wp.com\/munigoicoechea.go.cr\/inicio\/wp-content\/uploads\/2021\/09\/cropped-cropped-Logo_Oficial-300x290-1.png?fit=512%2C512&ssl=1\",\"width\":512,\"height\":512,\"caption\":\"Municipalidad de Goicoechea\"},\"image\":{\"@id\":\"https:\/\/munigoicoechea.go.cr\/inicio\/#\/schema\/logo\/image\/\"},\"sameAs\":[\"https:\/\/www.facebook.com\/munigoicooficial\/\",\"https:\/\/www.youtube.com\/channel\/UCdAVgrbooTmXJlBeYMusKiA?reload=9\"]},{\"@type\":\"Person\",\"@id\":\"https:\/\/munigoicoechea.go.cr\/inicio\/#\/schema\/person\/981fe0634f80a7634743a82c88a0c66a\",\"name\":\"Roberto Acosta\",\"image\":{\"@type\":\"ImageObject\",\"inLanguage\":\"es\",\"@id\":\"https:\/\/munigoicoechea.go.cr\/inicio\/#\/schema\/person\/image\/\",\"url\":\"https:\/\/secure.gravatar.com\/avatar\/25356dec1ccdc82bd3082018eb132ac434c8b0ca5179bdc5d88de5fdb4b7b3cd?s=96&d=mm&r=g\",\"contentUrl\":\"https:\/\/secure.gravatar.com\/avatar\/25356dec1ccdc82bd3082018eb132ac434c8b0ca5179bdc5d88de5fdb4b7b3cd?s=96&d=mm&r=g\",\"caption\":\"Roberto Acosta\"},\"url\":\"https:\/\/munigoicoechea.go.cr\/inicio\/author\/roberto-acosta\/\"}]}<\/script>\n<!-- \/ Yoast SEO plugin. -->","yoast_head_json":{"title":"OFIM Goicoechea expone necesidad de reforzar acciones que protejan a las mujeres &#8211; Municipalidad de Goicoechea","robots":{"index":"index","follow":"follow","max-snippet":"max-snippet:-1","max-image-preview":"max-image-preview:large","max-video-preview":"max-video-preview:-1"},"canonical":"https:\/\/munigoicoechea.go.cr\/inicio\/2022\/11\/23\/ofim-goicoechea-expone-necesidad-de-reforzar-acciones-que-protejan-a-las-mujeres\/","og_locale":"es_ES","og_type":"article","og_title":"OFIM Goicoechea expone necesidad de reforzar acciones que protejan a las mujeres &#8211; Municipalidad de Goicoechea","og_description":"En el marco de la conmemoraci\u00f3n del D\u00eda Internacional de la Eliminaci\u00f3n de la Violencia contra la Mujer, que se conmemora el 25 de noviembre, surge la necesidad de sensibilizar a las instituciones y reflexionar sobre c\u00f3mo crear acciones para prevenir y sancionar la violencia contra las mujeres. Adriana Villalobos, jefa de la Oficina de [&hellip;]","og_url":"https:\/\/munigoicoechea.go.cr\/inicio\/2022\/11\/23\/ofim-goicoechea-expone-necesidad-de-reforzar-acciones-que-protejan-a-las-mujeres\/","og_site_name":"Municipalidad de Goicoechea","article_publisher":"https:\/\/www.facebook.com\/munigoicooficial\/","article_published_time":"2022-11-23T20:13:33+00:00","article_modified_time":"2022-11-23T20:13:38+00:00","og_image":[{"width":1560,"height":960,"url":"https:\/\/munigoicoechea.go.cr\/inicio\/wp-content\/uploads\/2022\/11\/ofim-portadaungl.jpg","type":"image\/jpeg"}],"author":"Roberto Acosta","twitter_card":"summary_large_image","twitter_misc":{"Escrito por":"Roberto Acosta","Tiempo de lectura":"2 minutos"},"schema":{"@context":"https:\/\/schema.org","@graph":[{"@type":"Article","@id":"https:\/\/munigoicoechea.go.cr\/inicio\/2022\/11\/23\/ofim-goicoechea-expone-necesidad-de-reforzar-acciones-que-protejan-a-las-mujeres\/#article","isPartOf":{"@id":"https:\/\/munigoicoechea.go.cr\/inicio\/2022\/11\/23\/ofim-goicoechea-expone-necesidad-de-reforzar-acciones-que-protejan-a-las-mujeres\/"},"author":{"name":"Roberto Acosta","@id":"https:\/\/munigoicoechea.go.cr\/inicio\/#\/schema\/person\/981fe0634f80a7634743a82c88a0c66a"},"headline":"OFIM Goicoechea expone necesidad de reforzar acciones que protejan a las mujeres","datePublished":"2022-11-23T20:13:33+00:00","dateModified":"2022-11-23T20:13:38+00:00","mainEntityOfPage":{"@id":"https:\/\/munigoicoechea.go.cr\/inicio\/2022\/11\/23\/ofim-goicoechea-expone-necesidad-de-reforzar-acciones-que-protejan-a-las-mujeres\/"},"wordCount":232,"commentCount":0,"publisher":{"@id":"https:\/\/munigoicoechea.go.cr\/inicio\/#organization"},"image":{"@id":"https:\/\/munigoicoechea.go.cr\/inicio\/2022\/11\/23\/ofim-goicoechea-expone-necesidad-de-reforzar-acciones-que-protejan-a-las-mujeres\/#primaryimage"},"thumbnailUrl":"https:\/\/i0.wp.com\/munigoicoechea.go.cr\/inicio\/wp-content\/uploads\/2022\/11\/ofim-portadaungl.jpg?fit=1560%2C960&ssl=1","keywords":["INL","MUNICIPALIDAD DE GOICOECHEA","OFIM","UNGL"],"articleSection":["Noticias"],"inLanguage":"es","potentialAction":[{"@type":"CommentAction","name":"Comment","target":["https:\/\/munigoicoechea.go.cr\/inicio\/2022\/11\/23\/ofim-goicoechea-expone-necesidad-de-reforzar-acciones-que-protejan-a-las-mujeres\/#respond"]}]},{"@type":"WebPage","@id":"https:\/\/munigoicoechea.go.cr\/inicio\/2022\/11\/23\/ofim-goicoechea-expone-necesidad-de-reforzar-acciones-que-protejan-a-las-mujeres\/","url":"https:\/\/munigoicoechea.go.cr\/inicio\/2022\/11\/23\/ofim-goicoechea-expone-necesidad-de-reforzar-acciones-que-protejan-a-las-mujeres\/","name":"OFIM Goicoechea expone necesidad de reforzar acciones que protejan a las mujeres &#8211; Municipalidad de Goicoechea","isPartOf":{"@id":"https:\/\/munigoicoechea.go.cr\/inicio\/#website"},"primaryImageOfPage":{"@id":"https:\/\/munigoicoechea.go.cr\/inicio\/2022\/11\/23\/ofim-goicoechea-expone-necesidad-de-reforzar-acciones-que-protejan-a-las-mujeres\/#primaryimage"},"image":{"@id":"https:\/\/munigoicoechea.go.cr\/inicio\/2022\/11\/23\/ofim-goicoechea-expone-necesidad-de-reforzar-acciones-que-protejan-a-las-mujeres\/#primaryimage"},"thumbnailUrl":"https:\/\/i0.wp.com\/munigoicoechea.go.cr\/inicio\/wp-content\/uploads\/2022\/11\/ofim-portadaungl.jpg?fit=1560%2C960&ssl=1","datePublished":"2022-11-23T20:13:33+00:00","dateModified":"2022-11-23T20:13:38+00:00","breadcrumb":{"@id":"https:\/\/munigoicoechea.go.cr\/inicio\/2022\/11\/23\/ofim-goicoechea-expone-necesidad-de-reforzar-acciones-que-protejan-a-las-mujeres\/#breadcrumb"},"inLanguage":"es","potentialAction":[{"@type":"ReadAction","target":["https:\/\/munigoicoechea.go.cr\/inicio\/2022\/11\/23\/ofim-goicoechea-expone-necesidad-de-reforzar-acciones-que-protejan-a-las-mujeres\/"]}]},{"@type":"ImageObject","inLanguage":"es","@id":"https:\/\/munigoicoechea.go.cr\/inicio\/2022\/11\/23\/ofim-goicoechea-expone-necesidad-de-reforzar-acciones-que-protejan-a-las-mujeres\/#primaryimage","url":"https:\/\/i0.wp.com\/munigoicoechea.go.cr\/inicio\/wp-content\/uploads\/2022\/11\/ofim-portadaungl.jpg?fit=1560%2C960&ssl=1","contentUrl":"https:\/\/i0.wp.com\/munigoicoechea.go.cr\/inicio\/wp-content\/uploads\/2022\/11\/ofim-portadaungl.jpg?fit=1560%2C960&ssl=1","width":1560,"height":960},{"@type":"BreadcrumbList","@id":"https:\/\/munigoicoechea.go.cr\/inicio\/2022\/11\/23\/ofim-goicoechea-expone-necesidad-de-reforzar-acciones-que-protejan-a-las-mujeres\/#breadcrumb","itemListElement":[{"@type":"ListItem","position":1,"name":"Portada","item":"https:\/\/munigoicoechea.go.cr\/inicio\/"},{"@type":"ListItem","position":2,"name":"OFIM Goicoechea expone necesidad de reforzar acciones que protejan a las mujeres"}]},{"@type":"WebSite","@id":"https:\/\/munigoicoechea.go.cr\/inicio\/#website","url":"https:\/\/munigoicoechea.go.cr\/inicio\/","name":"Municipalidad de Goicoechea","description":"\u00a1Hacemos que las cosas sucedan!","publisher":{"@id":"https:\/\/munigoicoechea.go.cr\/inicio\/#organization"},"potentialAction":[{"@type":"SearchAction","target":{"@type":"EntryPoint","urlTemplate":"https:\/\/munigoicoechea.go.cr\/inicio\/?s={search_term_string}"},"query-input":{"@type":"PropertyValueSpecification","valueRequired":true,"valueName":"search_term_string"}}],"inLanguage":"es"},{"@type":"Organization","@id":"https:\/\/munigoicoechea.go.cr\/inicio\/#organization","name":"Municipalidad de Goicoechea","url":"https:\/\/munigoicoechea.go.cr\/inicio\/","logo":{"@type":"ImageObject","inLanguage":"es","@id":"https:\/\/munigoicoechea.go.cr\/inicio\/#\/schema\/logo\/image\/","url":"https:\/\/i0.wp.com\/munigoicoechea.go.cr\/inicio\/wp-content\/uploads\/2021\/09\/cropped-cropped-Logo_Oficial-300x290-1.png?fit=512%2C512&ssl=1","contentUrl":"https:\/\/i0.wp.com\/munigoicoechea.go.cr\/inicio\/wp-content\/uploads\/2021\/09\/cropped-cropped-Logo_Oficial-300x290-1.png?fit=512%2C512&ssl=1","width":512,"height":512,"caption":"Municipalidad de Goicoechea"},"image":{"@id":"https:\/\/munigoicoechea.go.cr\/inicio\/#\/schema\/logo\/image\/"},"sameAs":["https:\/\/www.facebook.com\/munigoicooficial\/","https:\/\/www.youtube.com\/channel\/UCdAVgrbooTmXJlBeYMusKiA?reload=9"]},{"@type":"Person","@id":"https:\/\/munigoicoechea.go.cr\/inicio\/#\/schema\/person\/981fe0634f80a7634743a82c88a0c66a","name":"Roberto Acosta","image":{"@type":"ImageObject","inLanguage":"es","@id":"https:\/\/munigoicoechea.go.cr\/inicio\/#\/schema\/person\/image\/","url":"https:\/\/secure.gravatar.com\/avatar\/25356dec1ccdc82bd3082018eb132ac434c8b0ca5179bdc5d88de5fdb4b7b3cd?s=96&d=mm&r=g","contentUrl":"https:\/\/secure.gravatar.com\/avatar\/25356dec1ccdc82bd3082018eb132ac434c8b0ca5179bdc5d88de5fdb4b7b3cd?s=96&d=mm&r=g","caption":"Roberto Acosta"},"url":"https:\/\/munigoicoechea.go.cr\/inicio\/author\/roberto-acosta\/"}]}},"jetpack_featured_media_url":"https:\/\/i0.wp.com\/munigoicoechea.go.cr\/inicio\/wp-content\/uploads\/2022\/11\/ofim-portadaungl.jpg?fit=1560%2C960&ssl=1","jetpack_sharing_enabled":true,"_links":{"self":[{"href":"https:\/\/munigoicoechea.go.cr\/inicio\/wp-json\/wp\/v2\/posts\/9926","targetHints":{"allow":["GET"]}}],"collection":[{"href":"https:\/\/munigoicoechea.go.cr\/inicio\/wp-json\/wp\/v2\/posts"}],"about":[{"href":"https:\/\/munigoicoechea.go.cr\/inicio\/wp-json\/wp\/v2\/types\/post"}],"author":[{"embeddable":true,"href":"https:\/\/munigoicoechea.go.cr\/inicio\/wp-json\/wp\/v2\/users\/38"}],"replies":[{"embeddable":true,"href":"https:\/\/munigoicoechea.go.cr\/inicio\/wp-json\/wp\/v2\/comments?post=9926"}],"version-history":[{"count":1,"href":"https:\/\/munigoicoechea.go.cr\/inicio\/wp-json\/wp\/v2\/posts\/9926\/revisions"}],"predecessor-version":[{"id":9927,"href":"https:\/\/munigoicoechea.go.cr\/inicio\/wp-json\/wp\/v2\/posts\/9926\/revisions\/9927"}],"wp:featuredmedia":[{"embeddable":true,"href":"https:\/\/munigoicoechea.go.cr\/inicio\/wp-json\/wp\/v2\/media\/9924"}],"wp:attachment":[{"href":"https:\/\/munigoicoechea.go.cr\/inicio\/wp-json\/wp\/v2\/media?parent=9926"}],"wp:term":[{"taxonomy":"category","embeddable":true,"href":"https:\/\/munigoicoechea.go.cr\/inicio\/wp-json\/wp\/v2\/categories?post=9926"},{"taxonomy":"post_tag","embeddable":true,"href":"https:\/\/munigoicoechea.go.cr\/inicio\/wp-json\/wp\/v2\/tags?post=9926"}],"curies":[{"name":"wp","href":"https:\/\/api.w.org\/{rel}","templated":true}]}}